{"id":2913,"date":"2019-01-13T10:44:16","date_gmt":"2019-01-13T09:44:16","guid":{"rendered":"http:\/\/www.ttf-wahn-grengel.de\/?p=2913"},"modified":"2020-01-12T16:29:41","modified_gmt":"2020-01-12T15:29:41","slug":"vorschau-auf-den-rueckrundenstart-am-12-01-2019","status":"publish","type":"post","link":"https:\/\/www.ttf-wahn-grengel.de\/?p=2913","title":{"rendered":"Ergebnisse des ersten Spieltags der R\u00fcckrunde 18\/19"},"content":{"rendered":"<p>Spannender und gl\u00fccklicher h\u00e4tte der R\u00fcckrundenauftakt der Ersten aus Wahn-Grengel nicht ausfallen k\u00f6nnen.<\/p>\n<p>Beim TTV DJK H\u00fcrth starteten die Tischtennisfreunde zun\u00e4chst erwartungsgem\u00e4\u00df mit 2:1 nach den Doppelpaarungen. Lediglich Gaetano Sammarco und Christoph Weber mussten sich dem starken Doppel Woldert\/Neli\u00dfen geschlagen geben (2:1).<\/p>\n<p>Der erste Einzeldurchgang verlief sehr ausgeglichen, wobei in jedem Paarkreuz jeweils ein Einzel gewonnen werden konnte. Die Punkte f\u00fcr die Erste erspielten dabei Gaetano, Fabi Weber und Bj\u00f6rn Kant. Tobi Weber, Christoph Weber und Pascal Rieboldt mussten sich in hart umk\u00e4mpften Spielen jeweils im f\u00fcnften Satz nur knapp geschlagen geben (5:4).<\/p>\n<p>Der zweite Einzeldurchgang verlief zun\u00e4chst ebenfalls mit einem Sieg und einer Niederlage. Gaetano musste sich dem starken Thomas Woldert geschlagen geben, wohingegen Tobi gegen Neli\u00dfen immer besser ins Spiel fand und nach einem anf\u00e4nglichen Satzr\u00fcckstand das Spiel mit 3:1 f\u00fcr sich entscheiden konnte (6:5).<\/p>\n<p>Das mittlere Paarkreuz hatte anschlie\u00dfend Pech. Sowohl Fabi, als auch Christoph erlagen im f\u00fcnften Satz mit 9:11 ihren Kontrahenten, wodurch die Tischtennisfreunde die zwischenzeitliche F\u00fchrung abgeben mussten (6:7).<\/p>\n<p>Zum Gl\u00fcck f\u00fcr die Tischtennisfreunde zeigte sich Bj\u00f6rn im unteren Paarkreuz von seiner besten Seite und glich mit einem deutlichen Sieg gegen Uwe Kettler erneut aus. W\u00e4hrend Pascal gegen Ahmet Akpinar in das letzte Einzel des Abends startete, spielten Tobi und Fabi im Abschlussdoppel gegen Thomas Woldert und Ricardo Neli\u00dfen. Entgegen aller Erwartungen lag Pascal schnell mit 0:2 hinten, wohingegen Tobi und Fabi ihr bestes, zur Zeit m\u00f6gliches Tischtennis pr\u00e4sentierten und das Abschlussdoppel souver\u00e4n mit 3:0 f\u00fcr sich entscheiden konnten.<\/p>\n<p>In der Zwischenzeit k\u00e4mpfte sich Pascal zur\u00fcck ins Spiel, wehrte im dritten Satz einen Matchball ab und drehte das Spiel zum Gl\u00fcck der Tischtennisfreunde und erk\u00e4mpfte damit den Sieg f\u00fcr die Erste.<\/p>\n<p>Mit der gegl\u00fcckten Revange f\u00fcr die Hinrundenniederlage starten die Tischtennisfreunde zuversichtlich in die R\u00fcckrunde und bestreiten bereits am kommenden Dienstag das n\u00e4chste vorgezogene Meisterschaftsspiel gegen die dritte Mannschaft des TTC BW Br\u00fchl-Vochem.<\/p>\n<p>Vor dem Spiel der Zweiten aus Wahn-Grengel war bereits klar, dass das Spiel gegen den Lokalrivalen aus Porz nicht zu gewinnen war. Ohne s\u00e4mtliche Stammspieler war das Spiel bereits fr\u00fch verloren, wobei die Hoffnung auf den nun folgenden Meisterschaftsspielen ruht.<\/p>\n<p>Der Nachwuchs der Tischtennisfreunde startete ebenfalls erfolgreich in die R\u00fcckrunde. W\u00e4hrend die Jungen mit 7:3 gegen den SV Union R\u00f6srath erfolgreich waren, reichte es f\u00fcr die B-Sch\u00fcler immerhin zu einem 5:5- Unentschieden gegen die DJK Hermannia D\u00fcnnwald.<\/p>\n<table style=\"text-align: left; width: 601px;\" border=\"0\">\n<tbody>\n<tr>\n<td style=\"width: 150px;\"><strong>Herren:<\/strong><\/td>\n<td style=\"width: 200px;\"><\/td>\n<td style=\"width: 20px;\"><\/td>\n<td style=\"width: 250px;\"><\/td>\n<td style=\"width: 100px;\"><\/td>\n<td style=\"width: 80px;\"><\/td>\n<\/tr>\n<tr>\n<td style=\"width: 150px;\">12<span style=\"color: #000000;\">.01.2019\/18:30<\/span><\/td>\n<td style=\"text-align: left; width: 200px;\">TTV DJK H\u00fcrth<\/td>\n<td style=\"width: 20px;\">&#8211;<\/td>\n<td style=\"text-align: left; width: 250px;\"><a title=\"1. Herren\" href=\"http:\/\/www.ttf-wahn-grengel.de\/?page_id=282\" target=\"_blank\" rel=\"noopener noreferrer\">TTF 1<\/a><\/td>\n<td style=\"width: 100px;\"><a href=\"https:\/\/www.mytischtennis.de\/clicktt\/WTTV\/18-19\/ligen\/Herren-Landesliga-12\/gruppe\/334231\/spielbericht\/10763667\/TTV-DJK-Huerth-vs-TTF-Wahn-Grengel\" target=\"_blank\" rel=\"noopener noreferrer\"><strong><span style=\"color: #00ff00;\">7:9<\/span><\/strong><\/a><\/td>\n<td style=\"width: 80px;\"><a title=\"Tabelle Landesliga 12\" href=\"https:\/\/www.mytischtennis.de\/clicktt\/WTTV\/18-19\/ligen\/Landesliga-12\/gruppe\/334231\/tabelle\/gesamt\" target=\"_blank\" rel=\"noopener noreferrer\">Tabelle<\/a><\/td>\n<\/tr>\n<tr>\n<td style=\"width: 150px;\"><span style=\"color: #000000;\">12.01.2019\/18:30<\/span><\/td>\n<td style=\"text-align: left; width: 200px;\"><a title=\"2. Herren\" href=\"http:\/\/www.ttf-wahn-grengel.de\/?page_id=283\" target=\"_blank\" rel=\"noopener noreferrer\">TTF 2<\/a><\/td>\n<td style=\"width: 20px;\">&#8211;<\/td>\n<td style=\"text-align: left; width: 250px;\">TTC RG Porz 4<\/td>\n<td style=\"width: 100px;\"><a href=\"https:\/\/www.mytischtennis.de\/clicktt\/WTTV\/18-19\/ligen\/Herren-Kreisliga\/gruppe\/334182\/spielbericht\/11167490\/TTF-Wahn-Grengel-II-vs-TTC-RG-Porz-IV\" target=\"_blank\" rel=\"noopener noreferrer\"><strong><span style=\"color: #ff0000;\">0:9<\/span><\/strong><\/a><\/td>\n<td style=\"width: 80px;\"><a title=\"Tabelle Kreisliga\" href=\"https:\/\/www.mytischtennis.de\/clicktt\/WTTV\/18-19\/ligen\/Kreisliga\/gruppe\/334182\/tabelle\/gesamt\" target=\"_blank\" rel=\"noopener noreferrer\">Tabelle<\/a><\/td>\n<\/tr>\n<tr>\n<td style=\"width: 150px;\"><strong>Jungen:<\/strong><\/td>\n<td style=\"width: 200px;\"><\/td>\n<td style=\"width: 20px;\"><\/td>\n<td style=\"width: 250px;\"><\/td>\n<td style=\"width: 100px;\"><\/td>\n<td style=\"width: 80px;\"><\/td>\n<\/tr>\n<tr>\n<td style=\"width: 150px;\">12.01.2019\/15:00<\/td>\n<td style=\"text-align: left; width: 200px;\">SV Union R\u00f6srath<\/td>\n<td style=\"width: 20px;\">&#8211;<\/td>\n<td style=\"text-align: left; width: 250px;\"><a title=\"1. Jungen\" href=\"http:\/\/www.ttf-wahn-grengel.de\/?page_id=243\" target=\"_blank\" rel=\"noopener noreferrer\">TTF 1<\/a><\/td>\n<td style=\"width: 100px;\"><a href=\"https:\/\/www.mytischtennis.de\/clicktt\/WTTV\/18-19\/ligen\/Jungen-Kreisliga-Rueckrunde\/gruppe\/346587\/spielbericht\/11503628\/SV-Union-Roesrath-vs-TTF-Wahn-Grengel\" target=\"_blank\" rel=\"noopener noreferrer\"><strong><span style=\"color: #00ff00;\">3:7<\/span><\/strong><\/a><\/td>\n<td style=\"width: 80px;\"><a title=\"Tabelle Kreisliga\" href=\"https:\/\/www.mytischtennis.de\/clicktt\/WTTV\/18-19\/ligen\/Kreisliga-RR\/gruppe\/346587\/tabelle\/gesamt\" target=\"_blank\" rel=\"noopener noreferrer\">Tabelle<\/a><\/td>\n<\/tr>\n<tr>\n<td style=\"width: 150px;\"><strong>Sch\u00fcler B:<\/strong><\/td>\n<td style=\"width: 200px;\"><\/td>\n<td style=\"width: 20px;\"><\/td>\n<td style=\"width: 250px;\"><\/td>\n<td style=\"width: 100px;\"><\/td>\n<td style=\"width: 80px;\"><\/td>\n<\/tr>\n<tr>\n<td style=\"width: 150px;\"><span style=\"color: #ff0000;\">12.01.2019\/12:30<\/span><\/td>\n<td style=\"text-align: left; width: 200px;\">DJK Hermannia D\u00fcnnwald<\/td>\n<td style=\"width: 20px;\">&#8211;<\/td>\n<td style=\"text-align: left; width: 250px;\"><a title=\"1. B-Sch\u00fcler\" href=\"http:\/\/www.ttf-wahn-grengel.de\/?page_id=2207\" target=\"_blank\" rel=\"noopener noreferrer\">TTF 1<\/a><\/td>\n<td style=\"width: 100px;\"><a href=\"https:\/\/www.mytischtennis.de\/clicktt\/WTTV\/18-19\/ligen\/Schueler-B-1-Kreisklasse-Rueckrunde\/gruppe\/346788\/spielbericht\/11474620\/DJK-Hermannia-Duennwald-vs-TTF-Wahn-Grengel\" target=\"_blank\" rel=\"noopener noreferrer\"><strong><span style=\"color: #00ff00;\">5:5<\/span><\/strong><\/a><\/td>\n<td style=\"width: 80px;\"><a title=\"Tabelle 1. Kreisklasse\" href=\"https:\/\/www.mytischtennis.de\/clicktt\/WTTV\/18-19\/ligen\/1-Kreisklasse-RR\/gruppe\/346788\/tabelle\/gesamt\" target=\"_blank\" rel=\"noopener noreferrer\">Tabelle<\/a><\/td>\n<\/tr>\n<tr>\n<td style=\"width: 150px;\"><\/td>\n<td style=\"width: 200px;\"><\/td>\n<td style=\"width: 20px;\"><\/td>\n<td style=\"width: 250px;\"><\/td>\n<td style=\"width: 100px;\"><\/td>\n<td style=\"width: 80px;\"><\/td>\n<\/tr>\n<\/tbody>\n<\/table>\n","protected":false},"excerpt":{"rendered":"<p>Spannender und gl\u00fccklicher h\u00e4tte der R\u00fcckrundenauftakt der Ersten aus Wahn-Grengel nicht ausfallen k\u00f6nnen. Beim TTV DJK H\u00fcrth starteten die Tischtennisfreunde zun\u00e4chst erwartungsgem\u00e4\u00df mit 2:1 nach den Doppelpaarungen. Lediglich Gaetano Sammarco und Christoph Weber mussten sich dem starken Doppel Woldert\/Neli\u00dfen geschlagen&#8230;<\/p>\n","protected":false},"author":3,"featured_media":2944,"comment_status":"closed","ping_status":"closed","sticky":false,"template":"","format":"standard","meta":{"jetpack_post_was_ever_published":false,"_jetpack_newsletter_access":"","_jetpack_dont_email_post_to_subs":false,"_jetpack_newsletter_tier_id":0,"footnotes":"","jetpack_publicize_message":"","jetpack_publicize_feature_enabled":true,"jetpack_social_post_already_shared":true,"jetpack_social_options":{"image_generator_settings":{"template":"highway","enabled":false}}},"categories":[18,19],"tags":[],"class_list":["post-2913","post","type-post","status-publish","format-standard","has-post-thumbnail","hentry","category-archiv","category-saison-2018-2019"],"jetpack_publicize_connections":[],"jetpack_featured_media_url":"https:\/\/www.ttf-wahn-grengel.de\/wp-content\/uploads\/2019\/01\/Doppel_H\u00fcrth_R\u00fcck_18_19.jpg","jetpack_shortlink":"https:\/\/wp.me\/p9jMO0-KZ","jetpack_sharing_enabled":true,"_links":{"self":[{"href":"https:\/\/www.ttf-wahn-grengel.de\/index.php?rest_route=\/wp\/v2\/posts\/2913"}],"collection":[{"href":"https:\/\/www.ttf-wahn-grengel.de\/index.php?rest_route=\/wp\/v2\/posts"}],"about":[{"href":"https:\/\/www.ttf-wahn-grengel.de\/index.php?rest_route=\/wp\/v2\/types\/post"}],"author":[{"embeddable":true,"href":"https:\/\/www.ttf-wahn-grengel.de\/index.php?rest_route=\/wp\/v2\/users\/3"}],"replies":[{"embeddable":true,"href":"https:\/\/www.ttf-wahn-grengel.de\/index.php?rest_route=%2Fwp%2Fv2%2Fcomments&post=2913"}],"version-history":[{"count":10,"href":"https:\/\/www.ttf-wahn-grengel.de\/index.php?rest_route=\/wp\/v2\/posts\/2913\/revisions"}],"predecessor-version":[{"id":3456,"href":"https:\/\/www.ttf-wahn-grengel.de\/index.php?rest_route=\/wp\/v2\/posts\/2913\/revisions\/3456"}],"wp:featuredmedia":[{"embeddable":true,"href":"https:\/\/www.ttf-wahn-grengel.de\/index.php?rest_route=\/wp\/v2\/media\/2944"}],"wp:attachment":[{"href":"https:\/\/www.ttf-wahn-grengel.de\/index.php?rest_route=%2Fwp%2Fv2%2Fmedia&parent=2913"}],"wp:term":[{"taxonomy":"category","embeddable":true,"href":"https:\/\/www.ttf-wahn-grengel.de\/index.php?rest_route=%2Fwp%2Fv2%2Fcategories&post=2913"},{"taxonomy":"post_tag","embeddable":true,"href":"https:\/\/www.ttf-wahn-grengel.de\/index.php?rest_route=%2Fwp%2Fv2%2Ftags&post=2913"}],"curies":[{"name":"wp","href":"https:\/\/api.w.org\/{rel}","templated":true}]}}