{"id":2991,"date":"2019-01-27T12:27:45","date_gmt":"2019-01-27T11:27:45","guid":{"rendered":"http:\/\/www.ttf-wahn-grengel.de\/?p=2991"},"modified":"2019-01-27T12:27:53","modified_gmt":"2019-01-27T11:27:53","slug":"dritter-sieg-im-dritten-spiel","status":"publish","type":"post","link":"https:\/\/www.ttf-wahn-grengel.de\/?p=2991","title":{"rendered":"Dritter Sieg im dritten Spiel"},"content":{"rendered":"<p>Die Erste aus Wahn-Grengel katapultiert sich vor\u00fcbergehend an die Tabellenspitze der Landesliga. Mit einem \u00fcberzeugenden Sieg gegen die sympathischen G\u00e4ste der Tischtennisgemeinschaft aus Witterschlick feierte die Mannschaft um Mannschaftssprecher Christoph Weber nach vier Stunden Spielzeit einen wichtigen Erfolg zum Verbleib im vorderen Tabellendrittel. Vor 11 begeisterten Zuschauern lagen die Tischtennisfreunde im Spitzenspiel der Landesliga 12 zun\u00e4chst mit 1:2 zur\u00fcck, wobei lediglich Bj\u00f6rn Kant an der Seite von Pascal Rieboldt einen Punkt f\u00fcr die Tischtennisfreunde beisteuern konnte.<\/p>\n<figure id=\"attachment_2098\" aria-describedby=\"caption-attachment-2098\" style=\"width: 800px\" class=\"wp-caption aligncenter\"><a href=\"http:\/\/www.ttf-wahn-grengel.de\/wp-content\/uploads\/2019\/01\/TTF_Witterschlick_18_19_3.jpg\"><img loading=\"lazy\" decoding=\"async\" class=\"size-full wp-image-2098\" src=\"http:\/\/www.ttf-wahn-grengel.de\/wp-content\/uploads\/2019\/01\/TTF_Witterschlick_18_19_3.jpg\" alt=\"\" width=\"800\" height=\"600\" \/><\/a><figcaption id=\"caption-attachment-2098\" class=\"wp-caption-text\">Gaetano im Spiel gegen Stephan Groell<\/figcaption><\/figure>\n<p>Die Einzelpaarungen des ersten Durchgangs verliefen sehr ausgeglichen, wobei beide Mannschaften in allen Paarkreuzen jeweils einen Sieg f\u00fcr sich erspielen konnten. F\u00fcr die Tischtennisfreunde punkteten Gaetano Sammarco, Christoph und Bj\u00f6rn, wodurch die Erste mit 4:5 nur knapp zur\u00fccklag.<br \/>\nWie bereits so oft in der Saison, kam der Gastgeber um Spitzenspieler Gaetano im zweiten Durchgang immer besser ins Spiel. Dieser er\u00f6ffnete mit einem klaren 3:0- Sieg im Spitzenspiel gegen Lars Breitbach die Demonstration der Heimst\u00e4rke in dieser Saison. Tobi legte gegen Stephan Groell nach und brachte die Gastgeber erstmals mit 6:5 in F\u00fchrung. In seinem -wegen eines Auslandsemesters- letzten Spiel f\u00fcr die Tischtennisfreunde \u00fcberzeugte Fabi mit einer tollen Leistung gegen Sascha Heilmann die anwesenden Zuschauer, bevor sich Christoph seinem Kontrahenten Kilian Horn geschlagen geben musste (7:6).<\/p>\n<figure id=\"attachment_2098\" aria-describedby=\"caption-attachment-2098\" style=\"width: 800px\" class=\"wp-caption aligncenter\"><a href=\"http:\/\/www.ttf-wahn-grengel.de\/wp-content\/uploads\/2019\/01\/TTF_Witterschlick_18_19_2.jpg\"><img loading=\"lazy\" decoding=\"async\" class=\"size-full wp-image-2098\" src=\"http:\/\/www.ttf-wahn-grengel.de\/wp-content\/uploads\/2019\/01\/TTF_Witterschlick_18_19_2.jpg\" alt=\"\" width=\"800\" height=\"600\" \/><\/a><figcaption id=\"caption-attachment-2098\" class=\"wp-caption-text\">Tolle Stimmung beim Heimspiel der Ersten.<\/figcaption><\/figure>\n<p>Zum Gl\u00fcck f\u00fcr die Tischtennisfreunde zeigte sich Bj\u00f6rn erneut von seiner besten Seite. Trotz eines 0:2- Satzr\u00fcckstandes gegen Christoph Schumacher behielt Bj\u00f6rn die Nerven, drehte das Spiel und bezwang den Mannschaftsf\u00fchrer der G\u00e4ste mit 3:2. Unter Schmerzen qu\u00e4lte sich Pascal im Spiel gegen Marco Bongartz zur Freude der Tischtennisfreunde zum Sieg gegen den Tabellenzweiten und unterstrich einmal mehr eine erneut tolle Mannschaftsleistung der Ersten aus Wahn-Grengel.<\/p>\n<p>Die Zweite der Tischtennisfreunde hatte dagegen Pech. Nach einer komfortablen 5:1- F\u00fchrung gegen die DJK aus Quettingen unterlagen die Tischtennisfreunde bereits am Freitag doch noch mit 6:9 und warten in der Kreisliga weiter auf die ersehnten Punkte.<\/p>\n<p>Die Jungenmannschaft unterlag in der Kreisliga der DJK Quettingen mit 4:6, bekam das Spiel aber durch eine falsche Aufstellung der G\u00e4ste nachtr\u00e4glich mit 10:0 f\u00fcr sich gewertet.<\/p>\n<table style=\"text-align: left; width: 601px;\" border=\"0\">\n<tbody>\n<tr>\n<td style=\"width: 150px;\"><strong>Herren:<\/strong><\/td>\n<td style=\"width: 200px;\"><\/td>\n<td style=\"width: 20px;\"><\/td>\n<td style=\"width: 250px;\"><\/td>\n<td style=\"width: 100px;\"><\/td>\n<td style=\"width: 80px;\"><\/td>\n<\/tr>\n<tr>\n<td style=\"width: 150px;\">26<span style=\"color: #000000;\">.01.2019\/18:30<\/span><\/td>\n<td style=\"text-align: left; width: 200px;\"><a title=\"1. Herren\" href=\"http:\/\/www.ttf-wahn-grengel.de\/?page_id=282\" target=\"_blank\" rel=\"noopener\">TTF 1<\/a><\/td>\n<td style=\"width: 20px;\">&#8211;<\/td>\n<td style=\"text-align: left; width: 250px;\">TTG Witterschlick<\/td>\n<td style=\"width: 100px;\"><a href=\"https:\/\/www.mytischtennis.de\/clicktt\/WTTV\/18-19\/ligen\/Herren-Landesliga-12\/gruppe\/334231\/spielbericht\/10763677\/TTF-Wahn-Grengel-vs-TTG-Witterschlick\" target=\"_blank\" rel=\"noopener\"><strong><span style=\"color: #00ff00;\">9:6<\/span><\/strong><\/a><\/td>\n<td style=\"width: 80px;\"><a title=\"Tabelle Landesliga 12\" href=\"https:\/\/www.mytischtennis.de\/clicktt\/WTTV\/18-19\/ligen\/Landesliga-12\/gruppe\/334231\/tabelle\/gesamt\" target=\"_blank\" rel=\"noopener\">Tabelle<\/a><\/td>\n<\/tr>\n<tr>\n<td style=\"width: 150px;\"><span style=\"color: #000000;\">25.01.2019\/19:30<\/span><\/td>\n<td style=\"text-align: left; width: 200px;\">DJK Quettingen 2<\/td>\n<td style=\"width: 20px;\">&#8211;<\/td>\n<td style=\"text-align: left; width: 250px;\"><a title=\"2. Herren\" href=\"http:\/\/www.ttf-wahn-grengel.de\/?page_id=283\" target=\"_blank\" rel=\"noopener\">TTF 2<\/a><\/td>\n<td style=\"width: 100px;\"><a href=\"https:\/\/www.mytischtennis.de\/clicktt\/WTTV\/18-19\/ligen\/Herren-Kreisliga\/gruppe\/334182\/spielbericht\/11167448\/DJK-Quettingen-II-vs-TTF-Wahn-Grengel-II\" target=\"_blank\" rel=\"noopener\"><strong><span style=\"color: #ff0000;\">9:6<\/span><\/strong><\/a><\/td>\n<td style=\"width: 80px;\"><a title=\"Tabelle Kreisliga\" href=\"https:\/\/www.mytischtennis.de\/clicktt\/WTTV\/18-19\/ligen\/Kreisliga\/gruppe\/334182\/tabelle\/gesamt\" target=\"_blank\" rel=\"noopener\">Tabelle<\/a><\/td>\n<\/tr>\n<tr>\n<td style=\"width: 150px;\"><strong>Jungen:<\/strong><\/td>\n<td style=\"width: 200px;\"><\/td>\n<td style=\"width: 20px;\"><\/td>\n<td style=\"width: 250px;\"><\/td>\n<td style=\"width: 100px;\"><\/td>\n<td style=\"width: 80px;\"><\/td>\n<\/tr>\n<tr>\n<td style=\"width: 150px;\">25.01.2019\/17:30<\/td>\n<td style=\"text-align: left; width: 200px;\"><a title=\"1. Jungen\" href=\"http:\/\/www.ttf-wahn-grengel.de\/?page_id=243\" target=\"_blank\" rel=\"noopener\">TTF 1<\/a><\/td>\n<td style=\"width: 20px;\">&#8211;<\/td>\n<td style=\"text-align: left; width: 250px;\">DJK Quettingen<\/td>\n<td style=\"width: 100px;\"><a href=\"https:\/\/www.mytischtennis.de\/clicktt\/WTTV\/18-19\/ligen\/Jungen-Kreisliga-Rueckrunde\/gruppe\/346587\/spielbericht\/11503616\/TTF-Wahn-Grengel-vs-DJK-Quettingen\" target=\"_blank\" rel=\"noopener\"><strong><span style=\"color: #00ff00;\">10:0<\/span><\/strong><\/a><\/td>\n<td style=\"width: 80px;\"><a title=\"Tabelle Kreisliga\" href=\"https:\/\/www.mytischtennis.de\/clicktt\/WTTV\/18-19\/ligen\/Kreisliga-RR\/gruppe\/346587\/tabelle\/gesamt\" target=\"_blank\" rel=\"noopener\">Tabelle<\/a><\/td>\n<\/tr>\n<tr>\n<td style=\"width: 150px;\"><strong>Sch\u00fcler B:<\/strong><\/td>\n<td style=\"width: 200px;\"><\/td>\n<td style=\"width: 20px;\"><\/td>\n<td style=\"width: 250px;\"><\/td>\n<td style=\"width: 100px;\"><\/td>\n<td style=\"width: 80px;\"><\/td>\n<\/tr>\n<tr>\n<td style=\"width: 150px;\"><span style=\"color: #000000;\">19.01.2019\/13:30<\/span><\/td>\n<td style=\"text-align: left; width: 200px;\">TTC B\u00e4rbroich 4<\/td>\n<td style=\"width: 20px;\">&#8211;<\/td>\n<td style=\"text-align: left; width: 250px;\"><a title=\"1. B-Sch\u00fcler\" href=\"http:\/\/www.ttf-wahn-grengel.de\/?page_id=2207\" target=\"_blank\" rel=\"noopener\">TTF 1<\/a><\/td>\n<td style=\"width: 100px;\"><a href=\"https:\/\/www.mytischtennis.de\/clicktt\/WTTV\/18-19\/ligen\/Schueler-B-1-Kreisklasse-Rueckrunde\/gruppe\/346788\/spielbericht\/11474604\/TTC-Baerbroich-IV-vs-TTF-Wahn-Grengel\" target=\"_blank\" rel=\"noopener\"><strong><span style=\"color: #00ff00;\">2:8<\/span><\/strong><\/a><\/td>\n<td style=\"width: 80px;\"><a title=\"Tabelle 1. Kreisklasse\" href=\"https:\/\/www.mytischtennis.de\/clicktt\/WTTV\/18-19\/ligen\/1-Kreisklasse-RR\/gruppe\/346788\/tabelle\/gesamt\" target=\"_blank\" rel=\"noopener\">Tabelle<\/a><\/td>\n<\/tr>\n<tr>\n<td style=\"width: 150px;\"><\/td>\n<td style=\"width: 200px;\"><\/td>\n<td style=\"width: 20px;\"><\/td>\n<td style=\"width: 250px;\"><\/td>\n<td style=\"width: 100px;\"><\/td>\n<td style=\"width: 80px;\"><\/td>\n<\/tr>\n<\/tbody>\n<\/table>\n","protected":false},"excerpt":{"rendered":"<p>Die Erste aus Wahn-Grengel katapultiert sich vor\u00fcbergehend an die Tabellenspitze der Landesliga. Mit einem \u00fcberzeugenden Sieg gegen die sympathischen G\u00e4ste der Tischtennisgemeinschaft aus Witterschlick feierte die Mannschaft um Mannschaftssprecher Christoph Weber nach vier Stunden Spielzeit einen wichtigen Erfolg zum Verbleib&#8230;<\/p>\n","protected":false},"author":3,"featured_media":2993,"comment_status":"closed","ping_status":"closed","sticky":false,"template":"","format":"standard","meta":{"jetpack_post_was_ever_published":false,"_jetpack_newsletter_access":"","_jetpack_dont_email_post_to_subs":false,"_jetpack_newsletter_tier_id":0,"footnotes":"","jetpack_publicize_message":"","jetpack_publicize_feature_enabled":true,"jetpack_social_post_already_shared":true,"jetpack_social_options":{"image_generator_settings":{"template":"highway","enabled":false}}},"categories":[19],"tags":[],"class_list":["post-2991","post","type-post","status-publish","format-standard","has-post-thumbnail","hentry","category-saison-2018-2019"],"jetpack_publicize_connections":[],"jetpack_featured_media_url":"https:\/\/www.ttf-wahn-grengel.de\/wp-content\/uploads\/2019\/01\/TTF_Witterschlick_18_19_1.jpg","jetpack_shortlink":"https:\/\/wp.me\/p9jMO0-Mf","jetpack_sharing_enabled":true,"_links":{"self":[{"href":"https:\/\/www.ttf-wahn-grengel.de\/index.php?rest_route=\/wp\/v2\/posts\/2991"}],"collection":[{"href":"https:\/\/www.ttf-wahn-grengel.de\/index.php?rest_route=\/wp\/v2\/posts"}],"about":[{"href":"https:\/\/www.ttf-wahn-grengel.de\/index.php?rest_route=\/wp\/v2\/types\/post"}],"author":[{"embeddable":true,"href":"https:\/\/www.ttf-wahn-grengel.de\/index.php?rest_route=\/wp\/v2\/users\/3"}],"replies":[{"embeddable":true,"href":"https:\/\/www.ttf-wahn-grengel.de\/index.php?rest_route=%2Fwp%2Fv2%2Fcomments&post=2991"}],"version-history":[{"count":2,"href":"https:\/\/www.ttf-wahn-grengel.de\/index.php?rest_route=\/wp\/v2\/posts\/2991\/revisions"}],"predecessor-version":[{"id":2996,"href":"https:\/\/www.ttf-wahn-grengel.de\/index.php?rest_route=\/wp\/v2\/posts\/2991\/revisions\/2996"}],"wp:featuredmedia":[{"embeddable":true,"href":"https:\/\/www.ttf-wahn-grengel.de\/index.php?rest_route=\/wp\/v2\/media\/2993"}],"wp:attachment":[{"href":"https:\/\/www.ttf-wahn-grengel.de\/index.php?rest_route=%2Fwp%2Fv2%2Fmedia&parent=2991"}],"wp:term":[{"taxonomy":"category","embeddable":true,"href":"https:\/\/www.ttf-wahn-grengel.de\/index.php?rest_route=%2Fwp%2Fv2%2Fcategories&post=2991"},{"taxonomy":"post_tag","embeddable":true,"href":"https:\/\/www.ttf-wahn-grengel.de\/index.php?rest_route=%2Fwp%2Fv2%2Ftags&post=2991"}],"curies":[{"name":"wp","href":"https:\/\/api.w.org\/{rel}","templated":true}]}}