{"id":303,"date":"2010-09-13T11:11:17","date_gmt":"2010-09-13T10:11:17","guid":{"rendered":"http:\/\/www.ttf-wahn-grengel.de\/?p=303"},"modified":"2015-08-21T16:10:35","modified_gmt":"2015-08-21T15:10:35","slug":"kreismeisterschaften","status":"publish","type":"post","link":"https:\/\/www.ttf-wahn-grengel.de\/?p=303","title":{"rendered":"Erfolgreiche Tischtennisfreunde bei den Kreismeisterschaften"},"content":{"rendered":"<table style=\"float: right;\" border=\"0\" width=\"200\" align=\"left\">\n<tbody>\n<tr>\n<td><img loading=\"lazy\" decoding=\"async\" src=\"http:\/\/www.ttf-wahn-grengel.de\/wp-content\/uploads\/2010\/09\/km2010.JPG\" alt=\"\" width=\"336\" height=\"252\" \/><\/td>\n<\/tr>\n<tr>\n<td style=\"text-align: center;\"><em>v.l n. r.: Christoph Weber, Boris Rei\u00df und Pascal Rieboldt<\/em><\/td>\n<\/tr>\n<\/tbody>\n<\/table>\n<p>Am vergangenen Wochenende richteten die Spfr. Leverkusen die diesj\u00e4hrigen Kreismeisterschaften aus. F\u00fcr die Tischtennisfreunde gingen in drei veschiedenen Klassen insgesamt sieben Spieler an den Start.<br \/>\nAm Sonntag erreichten mit Boris Rei\u00df, Pascal Rieboldt und Christoph Weber gleich drei Spieler der ersten Herrenmannschaft die Hauptrunde der Herren C-Konkurrenz. Lediglich Daniel Mertens musste sich nach der Gruppenphase aus dem Wettbewerb verabschieden. Alle drei \u00fcberstanden ihre Achtel- und Viertelfinalspiele und erreichten so das Halbfinale. W\u00e4hrend Boris ohne Satzverlust das Finale erreichte, behielt Christoph gegen seinen Mannschaftskollegen Pascal die Nerven und zog ebenfalls ins Finale ein. Die vielen F\u00fcnfsatzspiele von Christoph machten sich im Finale durch sp\u00fcrbaren Kraftverlust bemerkbar, welches zu einem ungef\u00e4hrdeten 3:0-Sieg von Boris f\u00fchrte. Im kleinen Finale setzte sich Pascal in einem spannenden Spiel gepr\u00e4gt durch hochklassige Ballwechsel gegen den Vorjahressieger durch und belegte den noch freien Platz auf dem Treppchen.<br \/>\nIn der ersten Doppel KO-Runde war f\u00fcr Daniel und Pascal leider schon Endstation, w\u00e4hrend sich Boris und Christoph bis ins Finale k\u00e4mpften. Auch hier waren sie nicht aufzuhalten und erspielten den zweiten Kreismeistertitel f\u00fcr die Tischtennisfreunde.<br \/>\nAm Samstag gingen bereits mit Daniel Miebach und Mike Wegner bei den Herren D zwei Tischtennisfreunde an den Start. W\u00e4hrend f\u00fcr Daniel bereits in der Vorrunde Schlu\u00df war, erreicht Mike immerhin die Hauptrunde und musste sich erst im Achtelfinale geschlagen geben.<br \/>\nDie TTF Wahn-Grengel sagen ihren frisch gebackenen Kreismeistern <strong>HERZLICHEN GL\u00dcCKWUNSCH!!!<\/strong><\/p>\n","protected":false},"excerpt":{"rendered":"<p>v.l n. r.: Christoph Weber, Boris Rei\u00df und Pascal Rieboldt Am vergangenen Wochenende richteten die Spfr. Leverkusen die diesj\u00e4hrigen Kreismeisterschaften aus. F\u00fcr die Tischtennisfreunde gingen in drei veschiedenen Klassen insgesamt sieben Spieler an den Start. Am Sonntag erreichten mit Boris&#8230;<\/p>\n","protected":false},"author":3,"featured_media":0,"comment_status":"closed","ping_status":"closed","sticky":false,"template":"","format":"standard","meta":{"jetpack_post_was_ever_published":false,"_jetpack_newsletter_access":"","_jetpack_dont_email_post_to_subs":false,"_jetpack_newsletter_tier_id":0,"footnotes":"","jetpack_publicize_message":"","jetpack_publicize_feature_enabled":true,"jetpack_social_post_already_shared":false,"jetpack_social_options":{"image_generator_settings":{"template":"highway","enabled":false}}},"categories":[9],"tags":[],"class_list":["post-303","post","type-post","status-publish","format-standard","hentry","category-saison-20102011","no-post-thumbnail"],"jetpack_publicize_connections":[],"jetpack_featured_media_url":"","jetpack_shortlink":"https:\/\/wp.me\/p9jMO0-4T","jetpack_sharing_enabled":true,"_links":{"self":[{"href":"https:\/\/www.ttf-wahn-grengel.de\/index.php?rest_route=\/wp\/v2\/posts\/303"}],"collection":[{"href":"https:\/\/www.ttf-wahn-grengel.de\/index.php?rest_route=\/wp\/v2\/posts"}],"about":[{"href":"https:\/\/www.ttf-wahn-grengel.de\/index.php?rest_route=\/wp\/v2\/types\/post"}],"author":[{"embeddable":true,"href":"https:\/\/www.ttf-wahn-grengel.de\/index.php?rest_route=\/wp\/v2\/users\/3"}],"replies":[{"embeddable":true,"href":"https:\/\/www.ttf-wahn-grengel.de\/index.php?rest_route=%2Fwp%2Fv2%2Fcomments&post=303"}],"version-history":[{"count":0,"href":"https:\/\/www.ttf-wahn-grengel.de\/index.php?rest_route=\/wp\/v2\/posts\/303\/revisions"}],"wp:attachment":[{"href":"https:\/\/www.ttf-wahn-grengel.de\/index.php?rest_route=%2Fwp%2Fv2%2Fmedia&parent=303"}],"wp:term":[{"taxonomy":"category","embeddable":true,"href":"https:\/\/www.ttf-wahn-grengel.de\/index.php?rest_route=%2Fwp%2Fv2%2Fcategories&post=303"},{"taxonomy":"post_tag","embeddable":true,"href":"https:\/\/www.ttf-wahn-grengel.de\/index.php?rest_route=%2Fwp%2Fv2%2Ftags&post=303"}],"curies":[{"name":"wp","href":"https:\/\/api.w.org\/{rel}","templated":true}]}}