{"id":318,"date":"2010-10-21T10:38:47","date_gmt":"2010-10-21T09:38:47","guid":{"rendered":"http:\/\/www.ttf-wahn-grengel.de\/?p=318"},"modified":"2015-08-21T16:06:17","modified_gmt":"2015-08-21T15:06:17","slug":"tischtennisfreunde-als-einzelkampfer-unterwegs","status":"publish","type":"post","link":"https:\/\/www.ttf-wahn-grengel.de\/?p=318","title":{"rendered":"Tischtennisfreunde als Einzelk\u00e4mpfer unterwegs"},"content":{"rendered":"<p>In der kommenden Woche sind die Spieler der 1. Herren ausnahmsweise einmal als Einzelk\u00e4mpfer unterwegs.<\/p>\n<p>Bereits am Sonntag geht es mit den Bezirksmeisterschaften in Weilerswist los. Nach dem Rundumschlag bei den Kreismeisterschaften und den Pl\u00e4tzen 1-3 f\u00fcr Boris Rei\u00df, Christoph Weber und Pascal Rieboldt wollen die Drei nun auch auf Bezirksebene ihr Gl\u00fcck versuchen. Auch hier werden sie bei den Herren C h\u00f6chstens auf Spieler aus der Kreisliga treffen. Allerdings haben sich auch die anderen Teilnehmer in ihren Kreisen erfolgreich durchgesetzt und damit bereits einen Beweis f\u00fcr ihre St\u00e4rke geliefert.<\/p>\n<p>Unter der Woche steht dann wieder auf Kreisebene die erste Runde der Herren-B-Rangliste an. Von den Tischtennisfreunden nehmen Boris, Christoph, Varol und Pascal teil. W\u00e4hrend Boris wohl die deutlich schwerste Gruppe gezogen hat, traf es Christoph vor Allem aufgrund des Termins am Montag &#8211; und damit einen Tag nach den Bezirksmeisterschaften &#8211; etwas ungl\u00fccklich.<\/p>\n<table border=\"0\" width=\"100%\">\n<tbody>\n<tr>\n<td><strong>Gruppe 1<\/strong><br \/>\n(Mo., 25.10.10)<br \/>\nBr\u00f6hl, M. (Ostheim)<br \/>\nGrether (Spfr. Leverkusen)<br \/>\nBremer (Neubr\u00fcck)<br \/>\nKustos (B\u00fcrrig)<br \/>\nKn\u00fcve (Ostheim)<br \/>\n<em><strong>Weber (Wahn-Grengel)<\/strong><\/em><br \/>\nSchmidt (Refrath)<\/td>\n<td><strong>Gruppe 2<\/strong><br \/>\n(Mi., 27.10.10)<br \/>\nKlasberg (L\u00fctzenkirchen)<br \/>\nHerzog (TG M\u00fclheim)<br \/>\nCordts (D\u00fcnnwald)<br \/>\nFabrizius (B\u00fcrrig)<br \/>\nKoca (Spfr. Lev.)<br \/>\n<em><strong>Reiss(Wahn-Grengel)<\/strong><\/em><br \/>\nWahl (Quettingen)<\/td>\n<td><strong>Gruppe 3<\/strong><br \/>\n(Mi., 27.10.10)<br \/>\nK\u00f6rner (TG M\u00fclheim)<br \/>\nK\u00fcbbeler (Ostheim)<br \/>\nNussbaum (D\u00fcnnwald)<br \/>\nMundorf (Porz)<br \/>\nMarx (Spfr. Leverkusen)<br \/>\n<em><strong>Rieboldt (Wahn-Grengel)<\/strong><\/em><br \/>\nStadler (Ostheim)<\/td>\n<td><strong>Gruppe 4<\/strong><br \/>\n(Fr., 29.10.10)<br \/>\nStahlknecht (B\u00fcrrig)<br \/>\nHermanns (D\u00fcnnwald)<br \/>\nM\u00fcskes (Spfr. Leverkusen)<br \/>\nB\u00f6sl (Ostheim)<br \/>\nGudewitz (Spfr. Leverkusen)<br \/>\n<em><strong>Emir (Wahn-Grengel)<\/strong><\/em><br \/>\n.<\/td>\n<\/tr>\n<\/tbody>\n<\/table>\n","protected":false},"excerpt":{"rendered":"<p>In der kommenden Woche sind die Spieler der 1. Herren ausnahmsweise einmal als Einzelk\u00e4mpfer unterwegs. Bereits am Sonntag geht es mit den Bezirksmeisterschaften in Weilerswist los. Nach dem Rundumschlag bei den Kreismeisterschaften und den Pl\u00e4tzen 1-3 f\u00fcr Boris Rei\u00df, Christoph&#8230;<\/p>\n","protected":false},"author":3,"featured_media":0,"comment_status":"closed","ping_status":"closed","sticky":false,"template":"","format":"standard","meta":{"jetpack_post_was_ever_published":false,"_jetpack_newsletter_access":"","_jetpack_dont_email_post_to_subs":false,"_jetpack_newsletter_tier_id":0,"footnotes":"","jetpack_publicize_message":"","jetpack_publicize_feature_enabled":true,"jetpack_social_post_already_shared":false,"jetpack_social_options":{"image_generator_settings":{"template":"highway","enabled":false}}},"categories":[9],"tags":[],"class_list":["post-318","post","type-post","status-publish","format-standard","hentry","category-saison-20102011","no-post-thumbnail"],"jetpack_publicize_connections":[],"jetpack_featured_media_url":"","jetpack_shortlink":"https:\/\/wp.me\/p9jMO0-58","jetpack_sharing_enabled":true,"_links":{"self":[{"href":"https:\/\/www.ttf-wahn-grengel.de\/index.php?rest_route=\/wp\/v2\/posts\/318"}],"collection":[{"href":"https:\/\/www.ttf-wahn-grengel.de\/index.php?rest_route=\/wp\/v2\/posts"}],"about":[{"href":"https:\/\/www.ttf-wahn-grengel.de\/index.php?rest_route=\/wp\/v2\/types\/post"}],"author":[{"embeddable":true,"href":"https:\/\/www.ttf-wahn-grengel.de\/index.php?rest_route=\/wp\/v2\/users\/3"}],"replies":[{"embeddable":true,"href":"https:\/\/www.ttf-wahn-grengel.de\/index.php?rest_route=%2Fwp%2Fv2%2Fcomments&post=318"}],"version-history":[{"count":0,"href":"https:\/\/www.ttf-wahn-grengel.de\/index.php?rest_route=\/wp\/v2\/posts\/318\/revisions"}],"wp:attachment":[{"href":"https:\/\/www.ttf-wahn-grengel.de\/index.php?rest_route=%2Fwp%2Fv2%2Fmedia&parent=318"}],"wp:term":[{"taxonomy":"category","embeddable":true,"href":"https:\/\/www.ttf-wahn-grengel.de\/index.php?rest_route=%2Fwp%2Fv2%2Fcategories&post=318"},{"taxonomy":"post_tag","embeddable":true,"href":"https:\/\/www.ttf-wahn-grengel.de\/index.php?rest_route=%2Fwp%2Fv2%2Ftags&post=318"}],"curies":[{"name":"wp","href":"https:\/\/api.w.org\/{rel}","templated":true}]}}