{"id":320,"date":"2010-10-26T10:57:48","date_gmt":"2010-10-26T09:57:48","guid":{"rendered":"http:\/\/www.ttf-wahn-grengel.de\/?p=320"},"modified":"2015-08-21T16:05:59","modified_gmt":"2015-08-21T15:05:59","slug":"wieder-volles-trainingsprogramm-in-wahn","status":"publish","type":"post","link":"https:\/\/www.ttf-wahn-grengel.de\/?p=320","title":{"rendered":"Wieder volles Trainingsprogramm in Wahn"},"content":{"rendered":"<p>Mit dem Ende der Ferien nehmen wir auch wieder den regul\u00e4ren Trainingsbetrieb auf. In der Halle der Heideschule in Wahnheide findet ab heute sowohl Herren- als auch Jugendtraining in normalem Umfang statt.<\/p>\n<p>Am heutigen Dienstag Abend tritt die 2. Herren zudem zu einem wichtigen Heimspiel in der 1. Kreisklasse S\u00fcd gegen unsere Nachbarn aus Eil an.<\/p>\n<p>Achtung! Die Halle Friedensstra\u00dfe in Grengel steht uns diese Woche wegen Renovierungsarbeiten noch nicht zur Verf\u00fcgung. Am kommenden Freitag 29.10. findet daher nur in Wahnheide Jugendtraining statt (18-19:30 Uhr). Sobald wir die Halle in Grengel wieder nutzen k\u00f6nnen, werden wir wie \u00fcblich \u00fcber E-Mail-Verteiler und an dieser Stelle dar\u00fcber infaormieren. Nach Angaben der Stadt m\u00fcsste in der kommenden Woche (1.-7.11.) die Halle wieder nutzbar sein.<\/p>\n","protected":false},"excerpt":{"rendered":"<p>Mit dem Ende der Ferien nehmen wir auch wieder den regul\u00e4ren Trainingsbetrieb auf. In der Halle der Heideschule in Wahnheide findet ab heute sowohl Herren- als auch Jugendtraining in normalem Umfang statt. Am heutigen Dienstag Abend tritt die 2. Herren&#8230;<\/p>\n","protected":false},"author":3,"featured_media":0,"comment_status":"closed","ping_status":"closed","sticky":false,"template":"","format":"standard","meta":{"jetpack_post_was_ever_published":false,"_jetpack_newsletter_access":"","_jetpack_dont_email_post_to_subs":false,"_jetpack_newsletter_tier_id":0,"footnotes":"","jetpack_publicize_message":"","jetpack_publicize_feature_enabled":true,"jetpack_social_post_already_shared":false,"jetpack_social_options":{"image_generator_settings":{"template":"highway","enabled":false}}},"categories":[9],"tags":[],"class_list":["post-320","post","type-post","status-publish","format-standard","hentry","category-saison-20102011","no-post-thumbnail"],"jetpack_publicize_connections":[],"jetpack_featured_media_url":"","jetpack_shortlink":"https:\/\/wp.me\/p9jMO0-5a","jetpack_sharing_enabled":true,"_links":{"self":[{"href":"https:\/\/www.ttf-wahn-grengel.de\/index.php?rest_route=\/wp\/v2\/posts\/320"}],"collection":[{"href":"https:\/\/www.ttf-wahn-grengel.de\/index.php?rest_route=\/wp\/v2\/posts"}],"about":[{"href":"https:\/\/www.ttf-wahn-grengel.de\/index.php?rest_route=\/wp\/v2\/types\/post"}],"author":[{"embeddable":true,"href":"https:\/\/www.ttf-wahn-grengel.de\/index.php?rest_route=\/wp\/v2\/users\/3"}],"replies":[{"embeddable":true,"href":"https:\/\/www.ttf-wahn-grengel.de\/index.php?rest_route=%2Fwp%2Fv2%2Fcomments&post=320"}],"version-history":[{"count":0,"href":"https:\/\/www.ttf-wahn-grengel.de\/index.php?rest_route=\/wp\/v2\/posts\/320\/revisions"}],"wp:attachment":[{"href":"https:\/\/www.ttf-wahn-grengel.de\/index.php?rest_route=%2Fwp%2Fv2%2Fmedia&parent=320"}],"wp:term":[{"taxonomy":"category","embeddable":true,"href":"https:\/\/www.ttf-wahn-grengel.de\/index.php?rest_route=%2Fwp%2Fv2%2Fcategories&post=320"},{"taxonomy":"post_tag","embeddable":true,"href":"https:\/\/www.ttf-wahn-grengel.de\/index.php?rest_route=%2Fwp%2Fv2%2Ftags&post=320"}],"curies":[{"name":"wp","href":"https:\/\/api.w.org\/{rel}","templated":true}]}}