{"id":3208,"date":"2019-02-25T18:57:18","date_gmt":"2019-02-25T17:57:18","guid":{"rendered":"http:\/\/www.ttf-wahn-grengel.de\/?p=3208"},"modified":"2019-02-25T18:57:24","modified_gmt":"2019-02-25T17:57:24","slug":"erste-verliert-unerwartet-knapp-nach-toller-mannschaftsleistung","status":"publish","type":"post","link":"https:\/\/www.ttf-wahn-grengel.de\/?p=3208","title":{"rendered":"Erste verliert unerwartet knapp nach toller Mannschaftsleistung"},"content":{"rendered":"<p>Die Erste aus Wahn-Grengel musste sich am letzten Spieltag vor der verdienten jecken Karnevalspause im Lekalderby beim TTC RG Porz nur \u00e4u\u00dferst knapp geschlagen geben. Ohne Tobi und Fabi Weber, daf\u00fcr aber mit Mario und J\u00f6rg M\u00fcller rechnete sich die Mannschaft um Spitzenspieler Gaetano Sammarco vor Beginn der Partie keine realistische Chance auf einen eventuellen Punktgewinn aus.<br \/>\nDoch erneut gingen die Tischtennisfreunde nach den Doppeln mit 2:1 in F\u00fchrung, wobei sich lediglich Bj\u00f6rn an der Seite von J\u00f6rg M\u00fcller dem gegnerischen Doppel geschlagen geben musste. Sowohl Gaetano und Christoph Weber, wie auch Pascal Rieboldt an der Seite von Mario brachten die Tischtennisfreunde unerwartet in F\u00fchrung.<br \/>\nIm oberen Paarkreuz demonstrierte Gaetano seine St\u00e4rke und erh\u00f6hte den Vorsprung gegen Dirk Alderath auf 3:1, bevor Christoph in der Verl\u00e4ngerung des vierten Satz dem Spitzenspieler der G\u00e4ste Dennis Michel unterlegen war (3:2).<br \/>\nDie Partien des mittleren Paarkreuzes machten im ersten Durchgang den Unterschied, indem sowohl Pascal gegen Stephanie Wei\u00dfbach, alsauch Bj\u00f6rn gegen Mathias H\u00f6xtermann im f\u00fcnften Satz unterlegen waren. Bj\u00f6rn f\u00fchrte dabei noch 9:7 und musste seinem Gegner am Ende der Partie doch noch zum Sieg gratulieren (3:4). Im unteren Paarkreuz schien im ersten Durchgang f\u00fcr die Erste nichts drin zu sein, wobei Mario und J\u00f6rg in drei S\u00e4tzen ihren Kontrahenten Kim Ngo und Mirko Neum\u00fclelr unterlegen waren (3:6).<br \/>\nDer zweite Durchgang begann dann wieder vielversprechend, nachdem Gaetano sein bereits verloren geglaubtes zweites Einzel gegen Spitzenspieler Dennis Michel nach einem 0:2 Satzr\u00fcckstand doch noch f\u00fcr sich entscheiden konnte und sogar Christoph im Spiel gegen Dirk Alderath den R\u00fcckstand auf 5:6 verk\u00fcrzte.<br \/>\nDen den Spielen im mittleren Paarkreuz blieb der R\u00fcckstand unver\u00e4ndert. Bj\u00f6rn -geplagt durch eine Muskelverletzung- gab sein Einzel gegen Stephanie Wei\u00dfbach deutlich ab, wohingegen Pascal Mathias H\u00f6xterman mit 3:0 besiegen konnte (6:7).<\/p>\n<figure id=\"attachment_2098\" aria-describedby=\"caption-attachment-2098\" style=\"width: 800px\" class=\"wp-caption aligncenter\"><a href=\"http:\/\/www.ttf-wahn-grengel.de\/wp-content\/uploads\/2019\/02\/TTF_Porz_R\u00fcck_18_19_2.jpg\"><img loading=\"lazy\" decoding=\"async\" class=\"size-full wp-image-2098\" src=\"http:\/\/www.ttf-wahn-grengel.de\/wp-content\/uploads\/2019\/02\/TTF_Porz_R\u00fcck_18_19_2.jpg\" alt=\"\" width=\"800\" height=\"600\"><\/a><figcaption id=\"caption-attachment-2098\" class=\"wp-caption-text\">Gaetano (rechts) beim Spiel gegen Spitzenspieler Dennis Michel.<\/figcaption><\/figure>\n<p>Eines der spnnendsten Spiel ereignete sich im unteren Paarkreuz, wobei Mario seinen Gegenspieler Mirko Neum\u00fcller zur Verzweiflung brachte und den Ausgleich wiederherstellte. J\u00f6rg hingegen musste sich dem erfahreneren Spieler Kim Ngo geschlagen geben, bevor -v\u00f6llig unerwartet- erst das Abschlussdoppel die Entscheidung bringen musste (7:8).<br \/>\nMotiviert durch eine tolle k\u00e4mpferische Leistung konnte Gaetano mit Christoph gegen Stephanie Wei\u00dfbach und Dirk Alderath zun\u00e4chst in F\u00fchrung gehen. Allerdings merkte man nun auch Gaetano seine muskul\u00e4ren Probleme an, die ihn einmal mehr daran hinderten, seine Vorhand durchzubringen. Am Ende war es ein verdienter Sieg im Abschlussdoppel f\u00fcr die taktisch gut aufgestellten Gastgeber, die sich damit zum Leidwesen der G\u00e4ste aus Wahn-Grengel in letzter Sekunde die beiden Punkte im Lokalderby sicherten.<br \/>\nNichts desto trotz konnten die Tischtennisfreunde mehr als zufrieden mit ihrer Leistung trotz der personellen Probleme sein.<br \/>\nDennoch ist der Abstand auf die unteren Relegationspl\u00e4tze auf 3 Punkte geschmolzen, sodass in den n\u00e4chsten Spielen nach Karneval ein weiterer Sieg zum sicheren Verbleib in der Landesliga n\u00f6tig sein d\u00fcrfte.<br \/>\nDie Zweite der Tischtennisfreunde lag in der Kreisliga bei ihrem Heimspiel gegen TuS Roland B\u00fcrrig bereits fr\u00fch mit 1:6 zur\u00fcck und konnte den R\u00fcckstand nicht mehr aufholen, sodass die Partie am Ende mit 4:9 an die G\u00e4ste ging.<br \/>\nDer Nachwuchs der Tischtennisfreunde zeigte am vergangenen Wochenende Licht und Schatten. W\u00e4hrend sich die Kreisliga- Jungenmannschaft in Frielingsdorf mit 1:9 geschlagen geben musste und lediglich Simon Plewnia einen Punkt f\u00fcr die G\u00e4ste erk\u00e4mpfte, gewannen die B-Sch\u00fcler in der ersten Kreisklasse gegen die Sportfreunde aus Leverkusen mit nur zwei verlorenen S\u00e4tzen mit 10:0.<\/p>\n<table style=\"text-align: left; width: 601px;\" border=\"0\">\n<tbody>\n<tr>\n<td style=\"width: 150px;\"><strong>Herren:<\/strong><\/td>\n<td style=\"width: 200px;\"><\/td>\n<td style=\"width: 20px;\"><\/td>\n<td style=\"width: 250px;\"><\/td>\n<td style=\"width: 100px;\"><\/td>\n<td style=\"width: 80px;\"><\/td>\n<\/tr>\n<tr>\n<td style=\"width: 150px;\">24<span style=\"color: #000000;\">.02.2019\/11:00<\/span><\/td>\n<td style=\"text-align: left; width: 200px;\">TTC RG Porz 3<\/td>\n<td style=\"width: 20px;\">&#8211;<\/td>\n<td style=\"text-align: left; width: 250px;\"><a title=\"1. Herren\" href=\"http:\/\/www.ttf-wahn-grengel.de\/?page_id=282\" target=\"_blank\" rel=\"noopener noreferrer\">TTF 1<\/a><\/td>\n<td style=\"width: 100px;\"><a href=\"https:\/\/www.mytischtennis.de\/clicktt\/WTTV\/18-19\/ligen\/Herren-Landesliga-12\/gruppe\/334231\/spielbericht\/10763691\/TTC-RG-Porz-III-vs-TTF-Wahn-Grengel\" target=\"_blank\" rel=\"noopener noreferrer\"><strong><span style=\"color: #ff0000;\">9:7<\/span><\/strong><\/a><\/td>\n<td style=\"width: 80px;\"><a title=\"Tabelle Landesliga 12\" href=\"https:\/\/www.mytischtennis.de\/clicktt\/WTTV\/18-19\/ligen\/Landesliga-12\/gruppe\/334231\/tabelle\/gesamt\" target=\"_blank\" rel=\"noopener noreferrer\">Tabelle<\/a><\/td>\n<\/tr>\n<tr>\n<td style=\"width: 150px;\"><span style=\"color: #000000;\">22.02.2019\/19:30<\/span><\/td>\n<td style=\"text-align: left; width: 200px;\"><a title=\"2. Herren\" href=\"http:\/\/www.ttf-wahn-grengel.de\/?page_id=283\" target=\"_blank\" rel=\"noopener noreferrer\">TTF 2<\/a><\/td>\n<td style=\"width: 20px;\">&#8211;<\/td>\n<td style=\"text-align: left; width: 250px;\">TuS Roland B\u00fcrrig<\/td>\n<td style=\"width: 100px;\"><a href=\"https:\/\/www.mytischtennis.de\/clicktt\/WTTV\/18-19\/ligen\/Herren-Kreisliga\/gruppe\/334182\/spielbericht\/11167484\/TTF-Wahn-Grengel-II-vs-TuS-Roland-Buerrig\" target=\"_blank\" rel=\"noopener noreferrer\"><strong><span style=\"color: #ff0000;\">4:9<\/span><\/strong><\/a><\/td>\n<td style=\"width: 80px;\"><a title=\"Tabelle Kreisliga\" href=\"https:\/\/www.mytischtennis.de\/clicktt\/WTTV\/18-19\/ligen\/Kreisliga\/gruppe\/334182\/tabelle\/gesamt\" target=\"_blank\" rel=\"noopener noreferrer\">Tabelle<\/a><\/td>\n<\/tr>\n<tr>\n<td style=\"width: 150px;\"><strong>Jungen:<\/strong><\/td>\n<td style=\"width: 200px;\"><\/td>\n<td style=\"width: 20px;\"><\/td>\n<td style=\"width: 250px;\"><\/td>\n<td style=\"width: 100px;\"><\/td>\n<td style=\"width: 80px;\"><\/td>\n<\/tr>\n<tr>\n<td style=\"width: 150px;\">23.02.2019\/14:00<\/td>\n<td style=\"text-align: left; width: 200px;\">SV Frielingsdorf 2<\/td>\n<td style=\"width: 20px;\">&#8211;<\/td>\n<td style=\"text-align: left; width: 250px;\"><a title=\"1. Jungen\" href=\"http:\/\/www.ttf-wahn-grengel.de\/?page_id=243\" target=\"_blank\" rel=\"noopener noreferrer\">TTF 1<\/a><\/td>\n<td style=\"width: 100px;\"><a href=\"https:\/\/www.mytischtennis.de\/clicktt\/WTTV\/18-19\/ligen\/Jungen-Kreisliga-Rueckrunde\/gruppe\/346587\/spielbericht\/11503626\/SV-Frielingsdorf-II-vs-TTF-Wahn-Grengel\" target=\"_blank\" rel=\"noopener noreferrer\"><strong><span style=\"color: #ff0000;\">9:1<\/span><\/strong><\/a><\/td>\n<td style=\"width: 80px;\"><a title=\"Tabelle Kreisliga\" href=\"https:\/\/www.mytischtennis.de\/clicktt\/WTTV\/18-19\/ligen\/Kreisliga-RR\/gruppe\/346587\/tabelle\/gesamt\" target=\"_blank\" rel=\"noopener noreferrer\">Tabelle<\/a><\/td>\n<\/tr>\n<tr>\n<td style=\"width: 150px;\"><strong>Sch\u00fcler B:<\/strong><\/td>\n<td style=\"width: 200px;\"><\/td>\n<td style=\"width: 20px;\"><\/td>\n<td style=\"width: 250px;\"><\/td>\n<td style=\"width: 100px;\"><\/td>\n<td style=\"width: 80px;\"><\/td>\n<\/tr>\n<tr>\n<td style=\"width: 150px;\"><span style=\"color: #000000;\">23.02.2019\/<span style=\"color: #ff0000;\">15:00<\/span><\/span><\/td>\n<td style=\"text-align: left; width: 200px;\">DJK Spfr. Leverkusen<\/td>\n<td style=\"width: 20px;\">&#8211;<\/td>\n<td style=\"text-align: left; width: 250px;\"><a title=\"1. B-Sch\u00fcler\" href=\"http:\/\/www.ttf-wahn-grengel.de\/?page_id=2207\" target=\"_blank\" rel=\"noopener noreferrer\">TTF 1<\/a><\/td>\n<td style=\"width: 100px;\"><a href=\"https:\/\/www.mytischtennis.de\/clicktt\/WTTV\/18-19\/ligen\/Schueler-B-1-Kreisklasse-Rueckrunde\/gruppe\/346788\/spielbericht\/11474631\/DJK-Spfr-Leverkusen-vs-TTF-Wahn-Grengel\" target=\"_blank\" rel=\"noopener noreferrer\"><strong><span style=\"color: #00ff00;\">0:10<\/span><\/strong><\/a><\/td>\n<td style=\"width: 80px;\"><a title=\"Tabelle 1. Kreisklasse\" href=\"https:\/\/www.mytischtennis.de\/clicktt\/WTTV\/18-19\/ligen\/1-Kreisklasse-RR\/gruppe\/346788\/tabelle\/gesamt\" target=\"_blank\" rel=\"noopener noreferrer\">Tabelle<\/a><\/td>\n<\/tr>\n<tr>\n<td style=\"width: 150px;\"><\/td>\n<td style=\"width: 200px;\"><\/td>\n<td style=\"width: 20px;\"><\/td>\n<td style=\"width: 250px;\"><\/td>\n<td style=\"width: 100px;\"><\/td>\n<td style=\"width: 80px;\"><\/td>\n<\/tr>\n<\/tbody>\n<\/table>\n","protected":false},"excerpt":{"rendered":"<p>Die Erste aus Wahn-Grengel musste sich am letzten Spieltag vor der verdienten jecken Karnevalspause im Lekalderby beim TTC RG Porz nur \u00e4u\u00dferst knapp geschlagen geben. Ohne Tobi und Fabi Weber, daf\u00fcr aber mit Mario und J\u00f6rg M\u00fcller rechnete sich die&#8230;<\/p>\n","protected":false},"author":3,"featured_media":3213,"comment_status":"closed","ping_status":"closed","sticky":false,"template":"","format":"standard","meta":{"jetpack_post_was_ever_published":false,"_jetpack_newsletter_access":"","_jetpack_dont_email_post_to_subs":false,"_jetpack_newsletter_tier_id":0,"footnotes":"","jetpack_publicize_message":"","jetpack_publicize_feature_enabled":true,"jetpack_social_post_already_shared":true,"jetpack_social_options":{"image_generator_settings":{"template":"highway","enabled":false}}},"categories":[19],"tags":[],"class_list":["post-3208","post","type-post","status-publish","format-standard","has-post-thumbnail","hentry","category-saison-2018-2019"],"jetpack_publicize_connections":[],"jetpack_featured_media_url":"https:\/\/www.ttf-wahn-grengel.de\/wp-content\/uploads\/2019\/02\/TTF_Porz_R\u00fcck_18_19_1.jpg","jetpack_shortlink":"https:\/\/wp.me\/p9jMO0-PK","jetpack_sharing_enabled":true,"_links":{"self":[{"href":"https:\/\/www.ttf-wahn-grengel.de\/index.php?rest_route=\/wp\/v2\/posts\/3208"}],"collection":[{"href":"https:\/\/www.ttf-wahn-grengel.de\/index.php?rest_route=\/wp\/v2\/posts"}],"about":[{"href":"https:\/\/www.ttf-wahn-grengel.de\/index.php?rest_route=\/wp\/v2\/types\/post"}],"author":[{"embeddable":true,"href":"https:\/\/www.ttf-wahn-grengel.de\/index.php?rest_route=\/wp\/v2\/users\/3"}],"replies":[{"embeddable":true,"href":"https:\/\/www.ttf-wahn-grengel.de\/index.php?rest_route=%2Fwp%2Fv2%2Fcomments&post=3208"}],"version-history":[{"count":6,"href":"https:\/\/www.ttf-wahn-grengel.de\/index.php?rest_route=\/wp\/v2\/posts\/3208\/revisions"}],"predecessor-version":[{"id":3217,"href":"https:\/\/www.ttf-wahn-grengel.de\/index.php?rest_route=\/wp\/v2\/posts\/3208\/revisions\/3217"}],"wp:featuredmedia":[{"embeddable":true,"href":"https:\/\/www.ttf-wahn-grengel.de\/index.php?rest_route=\/wp\/v2\/media\/3213"}],"wp:attachment":[{"href":"https:\/\/www.ttf-wahn-grengel.de\/index.php?rest_route=%2Fwp%2Fv2%2Fmedia&parent=3208"}],"wp:term":[{"taxonomy":"category","embeddable":true,"href":"https:\/\/www.ttf-wahn-grengel.de\/index.php?rest_route=%2Fwp%2Fv2%2Fcategories&post=3208"},{"taxonomy":"post_tag","embeddable":true,"href":"https:\/\/www.ttf-wahn-grengel.de\/index.php?rest_route=%2Fwp%2Fv2%2Ftags&post=3208"}],"curies":[{"name":"wp","href":"https:\/\/api.w.org\/{rel}","templated":true}]}}