{"id":3252,"date":"2019-03-19T17:54:46","date_gmt":"2019-03-19T16:54:46","guid":{"rendered":"http:\/\/www.ttf-wahn-grengel.de\/?p=3252"},"modified":"2019-03-24T21:16:04","modified_gmt":"2019-03-24T20:16:04","slug":"naechste-niederlage-in-bad-honnef","status":"publish","type":"post","link":"https:\/\/www.ttf-wahn-grengel.de\/?p=3252","title":{"rendered":"N\u00e4chste Niederlage in Bad Honnef"},"content":{"rendered":"<p>Auch am vergangenen Wochenende musste sich die Erste bei den Tischtennisfreunden aus Bad Honnef erstaunlich deutlich geschlagen geben. Erneut mussten die Tischtennisfreunde aus Wahn-Grengel neben Fabi Weber auf einen weiteren Stammspieler verzichten. Bereits eine Woche zuvor hatte sich Pascal Rieboldt beim Einspielen offensichtlich einen Zeh gebrochen, weshalb er nicht daran denken konnte, an den Tisch zu gehen und erneut Boris Reiss sowie Varol Emir einspringen mussten.<br \/>\nIm Spiel lag die Erste dann schnell mit 0:3 zur\u00fcck, wobei es schlechter nicht h\u00e4tte laufen k\u00f6nnen.<br \/>\nIn den Einzelpartien konnte dann lediglich Gaetano Sammarco seine St\u00e4rke demonstrieren, indem er beide Einzel f\u00fcr sich entscheiden konnte. Den dritten und damit letzten Punkt f\u00fcr die Tischtennisfreunde steuerte Boris Reiss zur Niederlage bei, der allerdings nur noch Ergebnis-Kosmetik betreiben konnte (3:9).<\/p>\n<figure id=\"attachment_2098\" aria-describedby=\"caption-attachment-2098\" style=\"width: 800px\" class=\"wp-caption aligncenter\"><a href=\"http:\/\/www.ttf-wahn-grengel.de\/wp-content\/uploads\/2019\/03\/Bad_Honnef_R\u00fcck_18_19_2.jpg\"><img loading=\"lazy\" decoding=\"async\" class=\"size-full wp-image-2098\" src=\"http:\/\/www.ttf-wahn-grengel.de\/wp-content\/uploads\/2019\/03\/Bad_Honnef_R\u00fcck_18_19_2.jpg\" alt=\"\" width=\"800\" height=\"600\"><\/a><figcaption id=\"caption-attachment-2098\" class=\"wp-caption-text\">Gaetano (links) beim Spiel gegen Timo Banko.<\/figcaption><\/figure>\n<p>Nun wird es drei Spiele vor dem Saisonende doch nochmal spannend f\u00fcr die Erste. Ein Sieg im Spiel gegen den Tabellenletzten aus S\u00fcrth am kommenden Samstag ist Pflicht, um den Abstand zu den Abstiegspl\u00e4tzen zu bewahren.<br \/>\nF\u00fcr die Zweite ging es im Spiel gegen den Lokalrivalen aus Eil lediglich um die Spielpraxis f\u00fcr die zum gro\u00dfen Teil sehr jungen Spieler der Tischtennisfreunde. Um so beachtlicher war dann der Auftritt von Varol Emir, Hans Roder, Dominik Brucherseifer, Wolfgang Freudenberger, Stefan Soest und Mary Stirner. Varol konnte den Ehrenpunkt f\u00fcr die Tischtennisfreunde erspielen, wobei mit dem Einsatz der &#8222;jungen Garde&#8220; bereits am vergangenen Wochenende der Umbruch zum Neuanfang in die Wege geleitet werden konnte.<br \/>\nBesser machten es die B-Sch\u00fcler der Tischtennisfreunde. Mit einem 5:5 Unentschieden im letzten Spiel gegen den TV Ensen-Westhoven sicherten sich die Sch\u00fcler die Meisterschaft in der 1. Kreisklasse und bewiesen damit die wiedererstarkte Jugendarbeit der Tischtennisfreunde. Ein toller Erfolg f\u00fcr die junge Mannschaft, zu dem die Tischtennisfreunde ganz herzlich gratulieren.<\/p>\n<table style=\"text-align: left; width: 601px;\" border=\"0\">\n<tbody>\n<tr>\n<td style=\"width: 150px;\"><strong>Herren:<\/strong><\/td>\n<td style=\"width: 200px;\"><\/td>\n<td style=\"width: 20px;\"><\/td>\n<td style=\"width: 250px;\"><\/td>\n<td style=\"width: 100px;\"><\/td>\n<td style=\"width: 80px;\"><\/td>\n<\/tr>\n<tr>\n<td style=\"width: 150px;\">17<span style=\"color: #000000;\">.03.2019\/11:00<\/span><\/td>\n<td style=\"text-align: left; width: 200px;\">TTF Bad Honnef<\/td>\n<td style=\"width: 20px;\">&#8211;<\/td>\n<td style=\"text-align: left; width: 250px;\"><a title=\"1. Herren\" href=\"http:\/\/www.ttf-wahn-grengel.de\/?page_id=282\" target=\"_blank\" rel=\"noopener noreferrer\">TTF 1<\/a><\/td>\n<td style=\"width: 100px;\"><a href=\"https:\/\/www.mytischtennis.de\/clicktt\/WTTV\/18-19\/ligen\/Herren-Landesliga-12\/gruppe\/334231\/spielbericht\/10763681\/TTF-Bad-Honnef-vs-TTF-Wahn-Grengel\" target=\"_blank\" rel=\"noopener noreferrer\"><strong><span style=\"color: #ff0000;\">9:3<\/span><\/strong><\/a><\/td>\n<td style=\"width: 80px;\"><a title=\"Tabelle Landesliga 12\" href=\"https:\/\/www.mytischtennis.de\/clicktt\/WTTV\/18-19\/ligen\/Landesliga-12\/gruppe\/334231\/tabelle\/gesamt\" target=\"_blank\" rel=\"noopener noreferrer\">Tabelle<\/a><\/td>\n<\/tr>\n<tr>\n<td style=\"width: 150px;\"><span style=\"color: #000000;\">16.03.2019\/18:30<\/span><\/td>\n<td style=\"text-align: left; width: 200px;\"><a title=\"2. Herren\" href=\"http:\/\/www.ttf-wahn-grengel.de\/?page_id=283\" target=\"_blank\" rel=\"noopener noreferrer\">TTF 2<\/a><\/td>\n<td style=\"width: 20px;\">&#8211;<\/td>\n<td style=\"text-align: left; width: 250px;\">TTVg. GW Porz-Eil<\/td>\n<td style=\"width: 100px;\"><a href=\"https:\/\/www.mytischtennis.de\/clicktt\/WTTV\/18-19\/ligen\/Herren-Kreisliga\/gruppe\/334182\/spielbericht\/11167480\/TTF-Wahn-Grengel-II-vs-TTVg-GW-Porz-Eil\" target=\"_blank\" rel=\"noopener noreferrer\"><strong><span style=\"color: #ff0000;\">1:9<\/span><\/strong><\/a><\/td>\n<td style=\"width: 80px;\"><a title=\"Tabelle Kreisliga\" href=\"https:\/\/www.mytischtennis.de\/clicktt\/WTTV\/18-19\/ligen\/Kreisliga\/gruppe\/334182\/tabelle\/gesamt\" target=\"_blank\" rel=\"noopener noreferrer\">Tabelle<\/a><\/td>\n<\/tr>\n<tr>\n<td style=\"width: 150px;\"><strong>Jungen:<\/strong><\/td>\n<td style=\"width: 200px;\"><\/td>\n<td style=\"width: 20px;\"><\/td>\n<td style=\"width: 250px;\"><\/td>\n<td style=\"width: 100px;\"><\/td>\n<td style=\"width: 80px;\"><\/td>\n<\/tr>\n<tr>\n<td style=\"width: 150px;\">16.03.2019\/spielfrei<\/td>\n<td style=\"text-align: left; width: 200px;\"><a title=\"1. Jungen\" href=\"http:\/\/www.ttf-wahn-grengel.de\/?page_id=243\" target=\"_blank\" rel=\"noopener noreferrer\">TTF 1<\/a><\/td>\n<td style=\"width: 20px;\">&#8211;<\/td>\n<td style=\"text-align: left; width: 250px;\">spielfrei<\/td>\n<td style=\"width: 100px;\"><span style=\"color: #000000;\"><strong>_:_<\/strong><\/span><\/td>\n<td style=\"width: 80px;\"><a title=\"Tabelle Kreisliga\" href=\"https:\/\/www.mytischtennis.de\/clicktt\/WTTV\/18-19\/ligen\/Kreisliga-RR\/gruppe\/346587\/tabelle\/gesamt\" target=\"_blank\" rel=\"noopener noreferrer\">Tabelle<\/a><\/td>\n<\/tr>\n<tr>\n<td style=\"width: 150px;\"><strong>Sch\u00fcler B:<\/strong><\/td>\n<td style=\"width: 200px;\"><\/td>\n<td style=\"width: 20px;\"><\/td>\n<td style=\"width: 250px;\"><\/td>\n<td style=\"width: 100px;\"><\/td>\n<td style=\"width: 80px;\"><\/td>\n<\/tr>\n<tr>\n<td style=\"width: 150px;\"><span style=\"color: #000000;\">16.03.2019\/<span style=\"color: #ff0000;\">15:00<\/span><\/span><\/td>\n<td style=\"text-align: left; width: 200px;\">TV Ensen-Westhoven<\/td>\n<td style=\"width: 20px;\">&#8211;<\/td>\n<td style=\"text-align: left; width: 250px;\"><a title=\"1. B-Sch\u00fcler\" href=\"http:\/\/www.ttf-wahn-grengel.de\/?page_id=2207\" target=\"_blank\" rel=\"noopener noreferrer\">TTF 1<\/a><\/td>\n<td style=\"width: 100px;\"><a href=\"https:\/\/www.mytischtennis.de\/clicktt\/WTTV\/18-19\/ligen\/Schueler-B-1-Kreisklasse-Rueckrunde\/gruppe\/346788\/spielbericht\/11474615\/TV-Ensen-Westhoven-vs-TTF-Wahn-Grengel\" target=\"_blank\" rel=\"noopener noreferrer\"><strong><span style=\"color: #00ff00;\">5:5<\/span><\/strong><\/a><\/td>\n<td style=\"width: 80px;\"><a title=\"Tabelle 1. Kreisklasse\" href=\"https:\/\/www.mytischtennis.de\/clicktt\/WTTV\/18-19\/ligen\/1-Kreisklasse-RR\/gruppe\/346788\/tabelle\/gesamt\" target=\"_blank\" rel=\"noopener noreferrer\">Tabelle<\/a><\/td>\n<\/tr>\n<tr>\n<td style=\"width: 150px;\"><\/td>\n<td style=\"width: 200px;\"><\/td>\n<td style=\"width: 20px;\"><\/td>\n<td style=\"width: 250px;\"><\/td>\n<td style=\"width: 100px;\"><\/td>\n<td style=\"width: 80px;\"><\/td>\n<\/tr>\n<\/tbody>\n<\/table>\n","protected":false},"excerpt":{"rendered":"<p>Auch am vergangenen Wochenende musste sich die Erste bei den Tischtennisfreunden aus Bad Honnef erstaunlich deutlich geschlagen geben. Erneut mussten die Tischtennisfreunde aus Wahn-Grengel neben Fabi Weber auf einen weiteren Stammspieler verzichten. Bereits eine Woche zuvor hatte sich Pascal Rieboldt&#8230;<\/p>\n","protected":false},"author":3,"featured_media":3256,"comment_status":"closed","ping_status":"closed","sticky":false,"template":"","format":"standard","meta":{"jetpack_post_was_ever_published":false,"_jetpack_newsletter_access":"","_jetpack_dont_email_post_to_subs":false,"_jetpack_newsletter_tier_id":0,"footnotes":"","jetpack_publicize_message":"","jetpack_publicize_feature_enabled":true,"jetpack_social_post_already_shared":true,"jetpack_social_options":{"image_generator_settings":{"template":"highway","enabled":false}}},"categories":[19],"tags":[],"class_list":["post-3252","post","type-post","status-publish","format-standard","has-post-thumbnail","hentry","category-saison-2018-2019"],"jetpack_publicize_connections":[],"jetpack_featured_media_url":"https:\/\/www.ttf-wahn-grengel.de\/wp-content\/uploads\/2019\/03\/Bad_Honnef_R\u00fcck_18_19_1.jpg","jetpack_shortlink":"https:\/\/wp.me\/p9jMO0-Qs","jetpack_sharing_enabled":false,"_links":{"self":[{"href":"https:\/\/www.ttf-wahn-grengel.de\/index.php?rest_route=\/wp\/v2\/posts\/3252"}],"collection":[{"href":"https:\/\/www.ttf-wahn-grengel.de\/index.php?rest_route=\/wp\/v2\/posts"}],"about":[{"href":"https:\/\/www.ttf-wahn-grengel.de\/index.php?rest_route=\/wp\/v2\/types\/post"}],"author":[{"embeddable":true,"href":"https:\/\/www.ttf-wahn-grengel.de\/index.php?rest_route=\/wp\/v2\/users\/3"}],"replies":[{"embeddable":true,"href":"https:\/\/www.ttf-wahn-grengel.de\/index.php?rest_route=%2Fwp%2Fv2%2Fcomments&post=3252"}],"version-history":[{"count":5,"href":"https:\/\/www.ttf-wahn-grengel.de\/index.php?rest_route=\/wp\/v2\/posts\/3252\/revisions"}],"predecessor-version":[{"id":3259,"href":"https:\/\/www.ttf-wahn-grengel.de\/index.php?rest_route=\/wp\/v2\/posts\/3252\/revisions\/3259"}],"wp:featuredmedia":[{"embeddable":true,"href":"https:\/\/www.ttf-wahn-grengel.de\/index.php?rest_route=\/wp\/v2\/media\/3256"}],"wp:attachment":[{"href":"https:\/\/www.ttf-wahn-grengel.de\/index.php?rest_route=%2Fwp%2Fv2%2Fmedia&parent=3252"}],"wp:term":[{"taxonomy":"category","embeddable":true,"href":"https:\/\/www.ttf-wahn-grengel.de\/index.php?rest_route=%2Fwp%2Fv2%2Fcategories&post=3252"},{"taxonomy":"post_tag","embeddable":true,"href":"https:\/\/www.ttf-wahn-grengel.de\/index.php?rest_route=%2Fwp%2Fv2%2Ftags&post=3252"}],"curies":[{"name":"wp","href":"https:\/\/api.w.org\/{rel}","templated":true}]}}