{"id":3264,"date":"2019-03-24T18:34:07","date_gmt":"2019-03-24T17:34:07","guid":{"rendered":"http:\/\/www.ttf-wahn-grengel.de\/?p=3264"},"modified":"2019-03-24T21:15:28","modified_gmt":"2019-03-24T20:15:28","slug":"endlich-der-ersehnte-sieg","status":"publish","type":"post","link":"https:\/\/www.ttf-wahn-grengel.de\/?p=3264","title":{"rendered":"Endlich der ersehnte Sieg"},"content":{"rendered":"<p>Die Erleichterung war gro\u00df, als am vergangenen Samstag gegen 21:20 Uhr der erste Sieg nach einer gef\u00fchlten Ewigkeit unter Dach und Fach war. Mit dem TV S\u00fcrth gastierte der Tabellenletzte der Landesliga bei den Tischtennisfreunden aus Wahn-Grengel, die erneut ohne Fabi Weber, daf\u00fcr aber mit Boris Reiss an den Start gehen konnten.<br \/>\nAnders als noch in der vergangenen Woche, f\u00fchrte die Erste nach den Doppelpaarungen mit 2:1 und legte den Grundstein f\u00fcr einen erfolgreichen Abend.<\/p>\n<div style=\"width: 640px;\" class=\"wp-video\"><!--[if lt IE 9]><script>document.createElement('video');<\/script><![endif]-->\n<video class=\"wp-video-shortcode\" id=\"video-3264-1\" width=\"640\" height=\"360\" preload=\"metadata\" controls=\"controls\"><source type=\"video\/mp4\" src=\"http:\/\/www.ttf-wahn-grengel.de\/wp-content\/uploads\/2019\/03\/TTF_S\u00fcrth_R\u00fcck_18_19_2.mp4?_=1\" \/><a href=\"http:\/\/www.ttf-wahn-grengel.de\/wp-content\/uploads\/2019\/03\/TTF_S\u00fcrth_R\u00fcck_18_19_2.mp4\">http:\/\/www.ttf-wahn-grengel.de\/wp-content\/uploads\/2019\/03\/TTF_S\u00fcrth_R\u00fcck_18_19_2.mp4<\/a><\/video><\/div>\n<p>Gaetano (rechts) im Spiel gegen Valentin Braun.<\/p>\n<p>Vergleichsweise unspektakul\u00e4r verlief der erste Einzeldurchgang, in dem Tobi und Christoph Weber, Pascal Rieboldt und Boris Reiss die Punkte f\u00fcr die Gastgeber erk\u00e4mpften. Lediglich Gaetano Sammarco und Bj\u00f6rn Kant mussten sich in ihren Einzelpartien geschlagen geben (6:3).<br \/>\nMit der beruhigenden F\u00fchrung im R\u00fccken konnte Gaetano gegen den starken Alexander Nie\u00dfen auf 7:3 erh\u00f6hen, bevor Tobi nach seiner krankheitsbedingten Pause noch nicht wieder ganz fit zu sein schien und sein zweites Einzel gegen Valentin Braun abgeben musste (7:4).<br \/>\nZum Gl\u00fcck f\u00fcr die Tischtennisfreunde konnte Christoph auch sein zweites Einzel gegen Achim Scheven -wenn auch knapp- f\u00fcr sich entscheiden, bevor Bj\u00f6rn gegen Markus Stiebler den Schlussstrich unter einen erfolgreichen Abend setzte (9:4).<br \/>\nMit drei Punkten Vorsprung auf einen Relegationspl\u00e4tz ist der Klassenerhalt bei noch zwei ausstehenden Spielen allerdings nicht gesichert. Erst mit einem weiteren Sieg am kommenden Samstag gegen den ebenfalls abstiegsgef\u00e4hrdeten SV Ennert w\u00fcrden die Tischtennisfreunde auch in der kommenden Saison mit Sicherheit in der Landesliga aufschlagen k\u00f6nnen.<br \/>\nGegen die Eintracht aus Hohkeppel hatte die Zweite der Tischtennisfreunde nichts entgegenzusetzen, wobei alles andere als das in der Kreisliga eine kleine Sensation gewesen w\u00e4re.<br \/>\nMit einem zufriedenstellenden 5:5- Unentschieden beendet die Jungenmannschaft gegen den Tabellenzweiten der Kreisliga vom TV Ensen-Westhoven ihre Saison und k\u00f6nnen auf eine tolle Saison zur\u00fcckblicken. Mit 17:15 Punkten aus acht Spielen wird es auch in der kommenden Saison eine Jungenmannschaft in der Kreisliga geben.<\/p>\n<table style=\"text-align: left; width: 601px;\" border=\"0\">\n<tbody>\n<tr>\n<td style=\"width: 150px;\"><strong>Herren:<\/strong><\/td>\n<td style=\"width: 200px;\"><\/td>\n<td style=\"width: 20px;\"><\/td>\n<td style=\"width: 250px;\"><\/td>\n<td style=\"width: 100px;\"><\/td>\n<td style=\"width: 80px;\"><\/td>\n<\/tr>\n<tr>\n<td style=\"width: 150px;\">23<span style=\"color: #000000;\">.03.2019\/18:30<\/span><\/td>\n<td style=\"text-align: left; width: 200px;\"><a title=\"1. Herren\" href=\"http:\/\/www.ttf-wahn-grengel.de\/?page_id=282\" target=\"_blank\" rel=\"noopener noreferrer\">TTF 1<\/a><\/td>\n<td style=\"width: 20px;\">&#8211;<\/td>\n<td style=\"text-align: left; width: 250px;\">TV S\u00fcrth<\/td>\n<td style=\"width: 100px;\"><a href=\"https:\/\/www.mytischtennis.de\/clicktt\/WTTV\/18-19\/ligen\/Herren-Landesliga-12\/gruppe\/334231\/spielbericht\/10763710\/TTF-Wahn-Grengel-vs-TV-Suerth\" target=\"_blank\" rel=\"noopener noreferrer\"><strong><span style=\"color: #00ff00;\">9:4<\/span><\/strong><\/a><\/td>\n<td style=\"width: 80px;\"><a title=\"Tabelle Landesliga 12\" href=\"https:\/\/www.mytischtennis.de\/clicktt\/WTTV\/18-19\/ligen\/Landesliga-12\/gruppe\/334231\/tabelle\/gesamt\" target=\"_blank\" rel=\"noopener noreferrer\">Tabelle<\/a><\/td>\n<\/tr>\n<tr>\n<td style=\"width: 150px;\"><span style=\"color: #000000;\">23.03.2019\/18:30<\/span><\/td>\n<td style=\"text-align: left; width: 200px;\">SV Eintracht Hohkeppel<\/td>\n<td style=\"width: 20px;\">&#8211;<\/td>\n<td style=\"text-align: left; width: 250px;\"><a title=\"2. Herren\" href=\"http:\/\/www.ttf-wahn-grengel.de\/?page_id=283\" target=\"_blank\" rel=\"noopener noreferrer\">TTF 2<\/a><\/td>\n<td style=\"width: 100px;\"><a href=\"https:\/\/www.mytischtennis.de\/clicktt\/WTTV\/18-19\/ligen\/Herren-Kreisliga\/gruppe\/334182\/spielbericht\/11167468\/SV-Eintracht-Hohkeppel-vs-TTF-Wahn-Grengel-II\" target=\"_blank\" rel=\"noopener noreferrer\"><strong><span style=\"color: #ff0000;\">9:1<\/span><\/strong><\/a><\/td>\n<td style=\"width: 80px;\"><a title=\"Tabelle Kreisliga\" href=\"https:\/\/www.mytischtennis.de\/clicktt\/WTTV\/18-19\/ligen\/Kreisliga\/gruppe\/334182\/tabelle\/gesamt\" target=\"_blank\" rel=\"noopener noreferrer\">Tabelle<\/a><\/td>\n<\/tr>\n<tr>\n<td style=\"width: 150px;\"><strong>Jungen:<\/strong><\/td>\n<td style=\"width: 200px;\"><\/td>\n<td style=\"width: 20px;\"><\/td>\n<td style=\"width: 250px;\"><\/td>\n<td style=\"width: 100px;\"><\/td>\n<td style=\"width: 80px;\"><\/td>\n<\/tr>\n<tr>\n<td style=\"width: 150px;\">23.03.2019\/14:00<\/td>\n<td style=\"text-align: left; width: 200px;\"><a title=\"1. Jungen\" href=\"http:\/\/www.ttf-wahn-grengel.de\/?page_id=243\" target=\"_blank\" rel=\"noopener noreferrer\">TTF 1<\/a><\/td>\n<td style=\"width: 20px;\">&#8211;<\/td>\n<td style=\"text-align: left; width: 250px;\">TV Ensen-Westhoven<\/td>\n<td style=\"width: 100px;\"><a href=\"https:\/\/www.mytischtennis.de\/clicktt\/WTTV\/18-19\/ligen\/Jungen-Kreisliga-Rueckrunde\/gruppe\/346587\/spielbericht\/11503586\/TTF-Wahn-Grengel-vs-TV-Ensen-Westhoven\" target=\"_blank\" rel=\"noopener noreferrer\"><strong><span style=\"color: #00ff00;\">5:5<\/span><\/strong><\/a><\/td>\n<td style=\"width: 80px;\"><a title=\"Tabelle Kreisliga\" href=\"https:\/\/www.mytischtennis.de\/clicktt\/WTTV\/18-19\/ligen\/Kreisliga-RR\/gruppe\/346587\/tabelle\/gesamt\" target=\"_blank\" rel=\"noopener noreferrer\">Tabelle<\/a><\/td>\n<\/tr>\n<\/tbody>\n<\/table>\n","protected":false},"excerpt":{"rendered":"<p>Die Erleichterung war gro\u00df, als am vergangenen Samstag gegen 21:20 Uhr der erste Sieg nach einer gef\u00fchlten Ewigkeit unter Dach und Fach war. Mit dem TV S\u00fcrth gastierte der Tabellenletzte der Landesliga bei den Tischtennisfreunden aus Wahn-Grengel, die erneut ohne&#8230;<\/p>\n","protected":false},"author":3,"featured_media":3269,"comment_status":"closed","ping_status":"closed","sticky":false,"template":"","format":"standard","meta":{"jetpack_post_was_ever_published":false,"_jetpack_newsletter_access":"","_jetpack_dont_email_post_to_subs":false,"_jetpack_newsletter_tier_id":0,"footnotes":"","jetpack_publicize_message":"","jetpack_publicize_feature_enabled":true,"jetpack_social_post_already_shared":true,"jetpack_social_options":{"image_generator_settings":{"template":"highway","enabled":false}}},"categories":[19],"tags":[],"class_list":["post-3264","post","type-post","status-publish","format-standard","has-post-thumbnail","hentry","category-saison-2018-2019"],"jetpack_publicize_connections":[],"jetpack_featured_media_url":"https:\/\/www.ttf-wahn-grengel.de\/wp-content\/uploads\/2019\/03\/TTF_S\u00fcrth_R\u00fcck_18_19.jpg","jetpack_shortlink":"https:\/\/wp.me\/p9jMO0-QE","jetpack_sharing_enabled":false,"_links":{"self":[{"href":"https:\/\/www.ttf-wahn-grengel.de\/index.php?rest_route=\/wp\/v2\/posts\/3264"}],"collection":[{"href":"https:\/\/www.ttf-wahn-grengel.de\/index.php?rest_route=\/wp\/v2\/posts"}],"about":[{"href":"https:\/\/www.ttf-wahn-grengel.de\/index.php?rest_route=\/wp\/v2\/types\/post"}],"author":[{"embeddable":true,"href":"https:\/\/www.ttf-wahn-grengel.de\/index.php?rest_route=\/wp\/v2\/users\/3"}],"replies":[{"embeddable":true,"href":"https:\/\/www.ttf-wahn-grengel.de\/index.php?rest_route=%2Fwp%2Fv2%2Fcomments&post=3264"}],"version-history":[{"count":7,"href":"https:\/\/www.ttf-wahn-grengel.de\/index.php?rest_route=\/wp\/v2\/posts\/3264\/revisions"}],"predecessor-version":[{"id":3275,"href":"https:\/\/www.ttf-wahn-grengel.de\/index.php?rest_route=\/wp\/v2\/posts\/3264\/revisions\/3275"}],"wp:featuredmedia":[{"embeddable":true,"href":"https:\/\/www.ttf-wahn-grengel.de\/index.php?rest_route=\/wp\/v2\/media\/3269"}],"wp:attachment":[{"href":"https:\/\/www.ttf-wahn-grengel.de\/index.php?rest_route=%2Fwp%2Fv2%2Fmedia&parent=3264"}],"wp:term":[{"taxonomy":"category","embeddable":true,"href":"https:\/\/www.ttf-wahn-grengel.de\/index.php?rest_route=%2Fwp%2Fv2%2Fcategories&post=3264"},{"taxonomy":"post_tag","embeddable":true,"href":"https:\/\/www.ttf-wahn-grengel.de\/index.php?rest_route=%2Fwp%2Fv2%2Ftags&post=3264"}],"curies":[{"name":"wp","href":"https:\/\/api.w.org\/{rel}","templated":true}]}}