{"id":3281,"date":"2019-04-02T17:12:54","date_gmt":"2019-04-02T15:12:54","guid":{"rendered":"http:\/\/www.ttf-wahn-grengel.de\/?p=3281"},"modified":"2019-04-14T17:34:05","modified_gmt":"2019-04-14T15:34:05","slug":"landesliga-auch-in-der-kommenden-saison","status":"publish","type":"post","link":"https:\/\/www.ttf-wahn-grengel.de\/?p=3281","title":{"rendered":"Landesliga auch in der kommenden Saison"},"content":{"rendered":"<p>Die Erleichterung war gro\u00df, als am vergangenen Samstag beim SV Ennert die Entscheidung gefallen war. Nachdem das Team um Mannschaftssprecher Christoph Weber bereits in der Woche zuvor den Grundstein zum Verbleib in der Landesliga legen konnte, folgte am vergangenen Wochenende der entscheidende 9:5- Sieg f\u00fcr die Tischtennisfreunde beim Tabellennachbarn aus Ennert.<br \/>\nOhne Fabi Weber, daf\u00fcr aber erneut mit Boris Reiss, gingen die Tischtennisfreunde mit einer 2:1- F\u00fchrung nach den Doppeln in die Einzelpartien.<br \/>\nW\u00e4hrend sich Tobi Weber im ersten Einzel dem starken Bastian Abel klar mit 3:0 geschlagen geben musste, pr\u00e4sentierte sich Gaetano Sammarco gegen Tobias H\u00f6hner erneut von seiner besten Seite. Mit einem knappen 3:2- Sieg brachte er die Tischtennisfreunde wieder in F\u00fchrung. Weder Bj\u00f6rn Kant noch Christoph Weber konnten dann aber in der Mitte den Vorsprung verwalten und mussten sich jeweils im f\u00fcnften Satz geschlagen geben (3:4).<br \/>\nZum Gl\u00fcck f\u00fcr die Tischtennisfreunde zeigte sich das untere Paarkreuz mit Pascal Rieboldt und Boris Reiss unbeeindruckt und brachte die Tischtennisfreunde ohne Satzverlust erneut in F\u00fchrung (5:4).<\/p>\n<figure id=\"attachment_2098\" aria-describedby=\"caption-attachment-2098\" style=\"width: 800px\" class=\"wp-caption aligncenter\"><a href=\"http:\/\/www.ttf-wahn-grengel.de\/wp-content\/uploads\/2019\/04\/Ennert_TTF_19_2.jpg\"><img loading=\"lazy\" decoding=\"async\" class=\"size-full wp-image-2098\" src=\"http:\/\/www.ttf-wahn-grengel.de\/wp-content\/uploads\/2019\/04\/Ennert_TTF_19_2.jpg\" alt=\"\" width=\"800\" height=\"600\"><\/a><figcaption id=\"caption-attachment-2098\" class=\"wp-caption-text\">Boris und Bj\u00f6rn im Spiel gegen Carsten Schmitt und Sven Sommerfeld (links) sowie Tobi im Spiel gegen Bastian Abel (rechts)<\/figcaption><\/figure>\n<p>Die Vorentscheidung fiel dann zu Beginn des zweiten Durchgangs, in dem erneut Gaetano und diesmal auch Tobi ihre Spiele jeweils im vierten Satz f\u00fcr sich entscheiden konnten und die Erste mit 7:4 in F\u00fchrung brachten.<br \/>\nAuch die erneute Niederlage von Christoph konnte die Tischtennisfreunde nicht bremsen, zumal Bj\u00f6rn vergleichsweise knapp und Pascal relativ deutlich die nachfolgenden Spiele f\u00fcr sich entscheiden konnten und den Tischtennisfreunden damit den Klassenerhalt bescherten.<br \/>\nVor dem letzten Spieltag am kommenden Samstag freuen sich die Tischtennisfreunde nun ganz gel\u00f6st auf die bevorstehenden Vereinsaktivit\u00e4ten mit der Gewissheit, auch in der kommenden Saison wieder Landesliga- Tischtennis pr\u00e4sentieren zu k\u00f6nnen.<\/p>\n<table style=\"text-align: left; width: 601px;\" border=\"0\">\n<tbody>\n<tr>\n<td style=\"width: 150px;\"><strong>Herren:<\/strong><\/td>\n<td style=\"width: 200px;\"><\/td>\n<td style=\"width: 20px;\"><\/td>\n<td style=\"width: 250px;\"><\/td>\n<td style=\"width: 100px;\"><\/td>\n<td style=\"width: 80px;\"><\/td>\n<\/tr>\n<tr>\n<td style=\"width: 150px;\">30<span style=\"color: #000000;\">.03.2019\/18:30<\/span><\/td>\n<td style=\"text-align: left; width: 200px;\">SV Ennert<\/td>\n<td style=\"width: 20px;\">&#8211;<\/td>\n<td style=\"text-align: left; width: 250px;\"><a title=\"1. Herren\" href=\"http:\/\/www.ttf-wahn-grengel.de\/?page_id=282\" target=\"_blank\" rel=\"noopener noreferrer\">TTF 1<\/a><\/td>\n<td style=\"width: 100px;\"><a href=\"https:\/\/www.mytischtennis.de\/clicktt\/WTTV\/18-19\/ligen\/Herren-Landesliga-12\/gruppe\/334231\/spielbericht\/10763668\/SV-Ennert-vs-TTF-Wahn-Grengel\" target=\"_blank\" rel=\"noopener noreferrer\"><strong><span style=\"color: #00ff00;\">5:9<\/span><\/strong><\/a><\/td>\n<td style=\"width: 80px;\"><a title=\"Tabelle Landesliga 12\" href=\"https:\/\/www.mytischtennis.de\/clicktt\/WTTV\/18-19\/ligen\/Landesliga-12\/gruppe\/334231\/tabelle\/gesamt\" target=\"_blank\" rel=\"noopener noreferrer\">Tabelle<\/a><\/td>\n<\/tr>\n<tr>\n<td style=\"width: 150px;\"><\/td>\n<td style=\"width: 200px;\"><\/td>\n<td style=\"width: 20px;\"><\/td>\n<td style=\"width: 250px;\"><\/td>\n<td style=\"width: 100px;\"><\/td>\n<td style=\"width: 80px;\"><\/td>\n<\/tr>\n<\/tbody>\n<\/table>\n","protected":false},"excerpt":{"rendered":"<p>Die Erleichterung war gro\u00df, als am vergangenen Samstag beim SV Ennert die Entscheidung gefallen war. Nachdem das Team um Mannschaftssprecher Christoph Weber bereits in der Woche zuvor den Grundstein zum Verbleib in der Landesliga legen konnte, folgte am vergangenen Wochenende&#8230;<\/p>\n","protected":false},"author":3,"featured_media":3285,"comment_status":"closed","ping_status":"closed","sticky":false,"template":"","format":"standard","meta":{"jetpack_post_was_ever_published":false,"_jetpack_newsletter_access":"","_jetpack_dont_email_post_to_subs":false,"_jetpack_newsletter_tier_id":0,"footnotes":"","jetpack_publicize_message":"","jetpack_publicize_feature_enabled":true,"jetpack_social_post_already_shared":true,"jetpack_social_options":{"image_generator_settings":{"template":"highway","enabled":false}}},"categories":[19],"tags":[],"class_list":["post-3281","post","type-post","status-publish","format-standard","has-post-thumbnail","hentry","category-saison-2018-2019"],"jetpack_publicize_connections":[],"jetpack_featured_media_url":"https:\/\/www.ttf-wahn-grengel.de\/wp-content\/uploads\/2019\/04\/Ennert_TTF_19_1.jpg","jetpack_shortlink":"https:\/\/wp.me\/p9jMO0-QV","jetpack_sharing_enabled":false,"_links":{"self":[{"href":"https:\/\/www.ttf-wahn-grengel.de\/index.php?rest_route=\/wp\/v2\/posts\/3281"}],"collection":[{"href":"https:\/\/www.ttf-wahn-grengel.de\/index.php?rest_route=\/wp\/v2\/posts"}],"about":[{"href":"https:\/\/www.ttf-wahn-grengel.de\/index.php?rest_route=\/wp\/v2\/types\/post"}],"author":[{"embeddable":true,"href":"https:\/\/www.ttf-wahn-grengel.de\/index.php?rest_route=\/wp\/v2\/users\/3"}],"replies":[{"embeddable":true,"href":"https:\/\/www.ttf-wahn-grengel.de\/index.php?rest_route=%2Fwp%2Fv2%2Fcomments&post=3281"}],"version-history":[{"count":6,"href":"https:\/\/www.ttf-wahn-grengel.de\/index.php?rest_route=\/wp\/v2\/posts\/3281\/revisions"}],"predecessor-version":[{"id":3290,"href":"https:\/\/www.ttf-wahn-grengel.de\/index.php?rest_route=\/wp\/v2\/posts\/3281\/revisions\/3290"}],"wp:featuredmedia":[{"embeddable":true,"href":"https:\/\/www.ttf-wahn-grengel.de\/index.php?rest_route=\/wp\/v2\/media\/3285"}],"wp:attachment":[{"href":"https:\/\/www.ttf-wahn-grengel.de\/index.php?rest_route=%2Fwp%2Fv2%2Fmedia&parent=3281"}],"wp:term":[{"taxonomy":"category","embeddable":true,"href":"https:\/\/www.ttf-wahn-grengel.de\/index.php?rest_route=%2Fwp%2Fv2%2Fcategories&post=3281"},{"taxonomy":"post_tag","embeddable":true,"href":"https:\/\/www.ttf-wahn-grengel.de\/index.php?rest_route=%2Fwp%2Fv2%2Ftags&post=3281"}],"curies":[{"name":"wp","href":"https:\/\/api.w.org\/{rel}","templated":true}]}}