{"id":3301,"date":"2019-04-07T19:29:49","date_gmt":"2019-04-07T17:29:49","guid":{"rendered":"http:\/\/www.ttf-wahn-grengel.de\/?p=3301"},"modified":"2019-04-14T17:33:44","modified_gmt":"2019-04-14T15:33:44","slug":"erste-in-unbestechender-verfassung","status":"publish","type":"post","link":"https:\/\/www.ttf-wahn-grengel.de\/?p=3301","title":{"rendered":"Erste in (un)bestechender Verfassung"},"content":{"rendered":"<p>Die Tischtennisfreunde pr\u00e4sentierten sich am letzten Spieltag der Saison noch einmal von ihrer besten Seite. Ungeahnt der Tatsache, dass die Erste im Kampf um den Aufstieg in die Verbandsliga gegen den Tabellenzweiten aus Lechenich doch nochmal ein W\u00f6rtchen mitzureden hatten, dr\u00fcckte Fabi in der Ferne und Pascal vom Krankenbett aus die Daumen. Boris Reiss und Mario M\u00fcller vervollst\u00e4ndigten die sonst in gewohnter Aufstellung angetretenen Gastgeber.<br \/>\nDie Gastgeber starteten mit einer 2:1- F\u00fchrung nach den Doppelpaarungen, wobei Gaetano Sammarco an der Seite von Tobi Weber relativ deutlich und Bj\u00f6rn Kant mit Boris im f\u00fcnften Satz den Vorsprung erk\u00e4mpften. Christoph Weber und Mario mussten dem starken Doppel 1 der G\u00e4ste zum Sieg gratulieren.<\/p>\n<figure id=\"attachment_2098\" aria-describedby=\"caption-attachment-2098\" style=\"width: 800px\" class=\"wp-caption aligncenter\"><a href=\"http:\/\/www.ttf-wahn-grengel.de\/wp-content\/uploads\/2019\/04\/TTF_Lechenich_4.jpg\"><img loading=\"lazy\" decoding=\"async\" class=\"size-full wp-image-2098\" src=\"http:\/\/www.ttf-wahn-grengel.de\/wp-content\/uploads\/2019\/04\/TTF_Lechenich_4.jpg\" alt=\"\" width=\"800\" height=\"600\"><\/a><figcaption id=\"caption-attachment-2098\" class=\"wp-caption-text\">Das Maskottchen von Down Under brachte den Tischtennisfreunden auch im letzten Spiel der Saison das n\u00f6tige Gl\u00fcck und den Erfolg<\/figcaption><\/figure>\n<p>Der erste Durchgang verlief anschlie\u00dfend so, wie es sich die Tischtennisfreunde gegen die motivierten G\u00e4ste vor der Partie erhofft hatten. In allen Paarkreuzen konnte der Vorsprung verwaltet werden, wobei Gaetano, Christoph und Boris f\u00fcr die Tischtennisfreunde punkteten. Insbesondere Gaetano zeigte gegen Matthias Finkbeiner erneut eine \u00fcberragende Leistung und konnte nach spektakul\u00e4ren Ballwechseln als Sieger den Tisch verlassen. Christoph tat sich gegen Fabian Gilli schwer, hatte am Ende das Gl\u00fcck auf seiner Seite und legte f\u00fcr die Tischtennisfreunde nach. Boris hatte gegen Uwe Malsy kaum M\u00fche, auch wenn er den zweiten Satz beim 3:0- Sieg erst in der Verl\u00e4ngerung f\u00fcr sich entscheiden konnte (5:4).<br \/>\nUnmittelbar nach dem ersten Durchgang sickerte durch, dass bei der Partie Br\u00fchl-Vochem gegen Witterschlick widererwarten Br\u00fchl-Vochem die Nase vorn hatte und damit Lechenich im Kampf um den Aufstieg in die Verbandsliga wieder im Rennen war.<\/p>\n<figure id=\"attachment_2098\" aria-describedby=\"caption-attachment-2098\" style=\"width: 800px\" class=\"wp-caption aligncenter\"><a href=\"http:\/\/www.ttf-wahn-grengel.de\/wp-content\/uploads\/2019\/04\/TTF_Lechenich_3.jpg\"><img loading=\"lazy\" decoding=\"async\" class=\"size-full wp-image-2098\" src=\"http:\/\/www.ttf-wahn-grengel.de\/wp-content\/uploads\/2019\/04\/TTF_Lechenich_3.jpg\" alt=\"\" width=\"800\" height=\"600\"><\/a><figcaption id=\"caption-attachment-2098\" class=\"wp-caption-text\">Gaetano (links) w\u00e4hrend seines starken Auftritts gegen Matthias Finkbeiner<\/figcaption><\/figure>\n<p>Von nun an legte Lechenich nochmal zu und zeigte sich \u00e4u\u00dferst gewillt, mit einem Sieg in Wahn die Meisterschaft doch nochmal f\u00fcr sich entscheiden zu k\u00f6nnen. Nachdem die Niederlage Witterschlicks gegen Br\u00fchl besiegelt war, entwickelte sich das Spiel der Tischtennisfreunde gegen Lechenich zu einem wahren Krimi.<br \/>\nAngefeuert durch das Ergebnis aus der Ferne, bewiesen die G\u00e4ste eine tolle Moral und gingen durch vier aufeinanderfolgende Siege mit 8:5 in F\u00fchrung. Gaetano musste sich dabei dem in der Liga \u00fcberragenden Daniel Stein geschlagen geben, bevor Tobi gegen Matthias Finkbeiner im f\u00fcnften Satz trotz einer tollen Aufholjagd nach einem 0:2- Satzr\u00fcckstand das Nachsehen hatte.<br \/>\nAuch Christoph und Bj\u00f6rn konnten den Trend gegen Joshua Anwander und Fabian Gilli nicht stoppen, was den G\u00e4sten zu drei Spielen zum Matchgewinn verhielf.<br \/>\nDas untere Paarkreuz der Tischtennisfreunde wollte sich aber nicht so einfach geschlagen geben und hielt mit Boris und Mario dagegen. Wie bereits im ersten Durchgang behielt Boris den \u00dcberblick und konnte -wenn auch nur knapp- sein Spiel gegen Stephan Zerbe f\u00fcr sich entscheiden. Mario steigerte sich nach seiner Trainingspause zusehends von Ballwechsel zu Ballwechsel und brachte die Erste mit seinem Sieg gegen Uwe Malsy wieder an die G\u00e4ste heran (7:8).<\/p>\n<figure id=\"attachment_2098\" aria-describedby=\"caption-attachment-2098\" style=\"width: 800px\" class=\"wp-caption aligncenter\"><a href=\"http:\/\/www.ttf-wahn-grengel.de\/wp-content\/uploads\/2019\/04\/TTF_Lechenich_2.jpg\"><img loading=\"lazy\" decoding=\"async\" class=\"size-full wp-image-2098\" src=\"http:\/\/www.ttf-wahn-grengel.de\/wp-content\/uploads\/2019\/04\/TTF_Lechenich_2.jpg\" alt=\"\" width=\"800\" height=\"600\"><\/a><figcaption id=\"caption-attachment-2098\" class=\"wp-caption-text\">Gaetano und Tobi&nbsp; (links) im spannendsten Abschlussdoppel der Saison gegen die starken G\u00e4ste Daniel Stein und Matthias Finkbeiner<\/figcaption><\/figure>\n<p>Wohlwissend der Bedeutung des Ausgangs des Abschlussdoppels f\u00fcr die G\u00e4ste legten Gaetano und Tobi zun\u00e4chst wie gewohnt los. Tolle und zum Teil spektakul\u00e4re Ballwechsel auf beiden Seiten f\u00fchrten zu einer schnellen 2:0 Satzf\u00fchrung f\u00fcr die Gastgeber, bevor sich die G\u00e4ste mit dem Gewinn des dritten Satz etwas rehabilitieren konnten und ihre Chance witterten.<br \/>\nGanz im Sinne des fairen und sportlichen Codex lie\u00dfen sich Gaetano und Tobi aber auch im vierten Satz von den \u00e4u\u00dferen Einfl\u00fcssen nicht beeindrucken und besiegelten Dank ihrer individuellen Klasse im letzten Spiel der Saison ein herausragendes 8:8-Unentschieden gegen den favourisierten Tabellenzweiten vom TTC BW Lechenich.<br \/>\nDie Tischtennisfreunde aus Wahn-Grengel gratulieren dem Aufsteiger von der Tischtennisgemeinschaft aus Witterschlick zur gewonnenen Meisterschaft und zum verdienten Aufstieg in die Verbandsliga.<br \/>\nZudem bedanken sich die Tischtennisfreunde bei allen Freunden, F\u00f6rderern, Zuschauern und Mitfiebernden f\u00fcr die tolle Unterst\u00fctzung in der Saison 2018\/19 und freuen sich bereits jetzt auf die bevorstehenden Vereinsaktivit\u00e4ten ohne den 40mm- gro\u00dfen Plastikball.<\/p>\n<table style=\"text-align: left; width: 601px;\" border=\"0\">\n<tbody>\n<tr>\n<td style=\"width: 150px;\"><strong>Herren:<\/strong><\/td>\n<td style=\"width: 200px;\"><\/td>\n<td style=\"width: 20px;\"><\/td>\n<td style=\"width: 250px;\"><\/td>\n<td style=\"width: 100px;\"><\/td>\n<td style=\"width: 80px;\"><\/td>\n<\/tr>\n<tr>\n<td style=\"width: 150px;\">06<span style=\"color: #000000;\">.04.2019\/18:30<\/span><\/td>\n<td style=\"text-align: left; width: 200px;\"><a title=\"1. Herren\" href=\"http:\/\/www.ttf-wahn-grengel.de\/?page_id=282\" target=\"_blank\" rel=\"noopener noreferrer\">TTF 1<\/a><\/td>\n<td style=\"width: 20px;\">&#8211;<\/td>\n<td style=\"text-align: left; width: 250px;\">TTC BW Lechenich<\/td>\n<td style=\"width: 100px;\"><a href=\"https:\/\/www.mytischtennis.de\/clicktt\/WTTV\/18-19\/ligen\/Herren-Landesliga-12\/gruppe\/334231\/spielbericht\/10763662\/TTF-Wahn-Grengel-vs-TTC-BW-Lechenich\" target=\"_blank\" rel=\"noopener noreferrer\"><strong><span style=\"color: #00ff00;\">8:8<\/span><\/strong><\/a><\/td>\n<td style=\"width: 80px;\"><a title=\"Tabelle Landesliga 12\" href=\"https:\/\/www.mytischtennis.de\/clicktt\/WTTV\/18-19\/ligen\/Landesliga-12\/gruppe\/334231\/tabelle\/gesamt\" target=\"_blank\" rel=\"noopener noreferrer\">Tabelle<\/a><\/td>\n<\/tr>\n<tr>\n<td style=\"width: 150px;\"><span style=\"color: #ff0000;\">29.03.2019\/20:00<\/span><\/td>\n<td style=\"text-align: left; width: 200px;\">SV Frielingsdorf<\/td>\n<td style=\"width: 20px;\">&#8211;<\/td>\n<td style=\"text-align: left; width: 250px;\"><a title=\"2. Herren\" href=\"http:\/\/www.ttf-wahn-grengel.de\/?page_id=283\" target=\"_blank\" rel=\"noopener noreferrer\">TTF 2<\/a><\/td>\n<td style=\"width: 100px;\"><a href=\"https:\/\/www.mytischtennis.de\/clicktt\/WTTV\/18-19\/ligen\/Herren-Kreisliga\/gruppe\/334182\/spielbericht\/11167460\/SV-Frielingsdorf-vs-TTF-Wahn-Grengel-II\" target=\"_blank\" rel=\"noopener noreferrer\"><strong><span style=\"color: #ff0000;\">9:0<\/span><\/strong><\/a><\/td>\n<td style=\"width: 80px;\"><a title=\"Tabelle Kreisliga\" href=\"https:\/\/www.mytischtennis.de\/clicktt\/WTTV\/18-19\/ligen\/Kreisliga\/gruppe\/334182\/tabelle\/gesamt\" target=\"_blank\" rel=\"noopener noreferrer\">Tabelle<\/a><\/td>\n<\/tr>\n<tr>\n<td style=\"width: 150px;\"><\/td>\n<td style=\"width: 200px;\"><\/td>\n<td style=\"width: 20px;\"><\/td>\n<td style=\"width: 250px;\"><\/td>\n<td style=\"width: 100px;\"><\/td>\n<td style=\"width: 80px;\"><\/td>\n<\/tr>\n<\/tbody>\n<\/table>\n","protected":false},"excerpt":{"rendered":"<p>Die Tischtennisfreunde pr\u00e4sentierten sich am letzten Spieltag der Saison noch einmal von ihrer besten Seite. Ungeahnt der Tatsache, dass die Erste im Kampf um den Aufstieg in die Verbandsliga gegen den Tabellenzweiten aus Lechenich doch nochmal ein W\u00f6rtchen mitzureden hatten,&#8230;<\/p>\n","protected":false},"author":3,"featured_media":3304,"comment_status":"closed","ping_status":"closed","sticky":false,"template":"","format":"standard","meta":{"jetpack_post_was_ever_published":false,"_jetpack_newsletter_access":"","_jetpack_dont_email_post_to_subs":false,"_jetpack_newsletter_tier_id":0,"footnotes":"","jetpack_publicize_message":"","jetpack_publicize_feature_enabled":true,"jetpack_social_post_already_shared":true,"jetpack_social_options":{"image_generator_settings":{"template":"highway","enabled":false}}},"categories":[19],"tags":[],"class_list":["post-3301","post","type-post","status-publish","format-standard","has-post-thumbnail","hentry","category-saison-2018-2019"],"jetpack_publicize_connections":[],"jetpack_featured_media_url":"https:\/\/www.ttf-wahn-grengel.de\/wp-content\/uploads\/2019\/04\/TTF_Lechenich_1.jpg","jetpack_shortlink":"https:\/\/wp.me\/p9jMO0-Rf","jetpack_sharing_enabled":false,"_links":{"self":[{"href":"https:\/\/www.ttf-wahn-grengel.de\/index.php?rest_route=\/wp\/v2\/posts\/3301"}],"collection":[{"href":"https:\/\/www.ttf-wahn-grengel.de\/index.php?rest_route=\/wp\/v2\/posts"}],"about":[{"href":"https:\/\/www.ttf-wahn-grengel.de\/index.php?rest_route=\/wp\/v2\/types\/post"}],"author":[{"embeddable":true,"href":"https:\/\/www.ttf-wahn-grengel.de\/index.php?rest_route=\/wp\/v2\/users\/3"}],"replies":[{"embeddable":true,"href":"https:\/\/www.ttf-wahn-grengel.de\/index.php?rest_route=%2Fwp%2Fv2%2Fcomments&post=3301"}],"version-history":[{"count":6,"href":"https:\/\/www.ttf-wahn-grengel.de\/index.php?rest_route=\/wp\/v2\/posts\/3301\/revisions"}],"predecessor-version":[{"id":3320,"href":"https:\/\/www.ttf-wahn-grengel.de\/index.php?rest_route=\/wp\/v2\/posts\/3301\/revisions\/3320"}],"wp:featuredmedia":[{"embeddable":true,"href":"https:\/\/www.ttf-wahn-grengel.de\/index.php?rest_route=\/wp\/v2\/media\/3304"}],"wp:attachment":[{"href":"https:\/\/www.ttf-wahn-grengel.de\/index.php?rest_route=%2Fwp%2Fv2%2Fmedia&parent=3301"}],"wp:term":[{"taxonomy":"category","embeddable":true,"href":"https:\/\/www.ttf-wahn-grengel.de\/index.php?rest_route=%2Fwp%2Fv2%2Fcategories&post=3301"},{"taxonomy":"post_tag","embeddable":true,"href":"https:\/\/www.ttf-wahn-grengel.de\/index.php?rest_route=%2Fwp%2Fv2%2Ftags&post=3301"}],"curies":[{"name":"wp","href":"https:\/\/api.w.org\/{rel}","templated":true}]}}