{"id":332,"date":"2010-11-29T11:54:46","date_gmt":"2010-11-29T10:54:46","guid":{"rendered":"http:\/\/www.ttf-wahn-grengel.de\/?p=332"},"modified":"2015-08-21T16:03:29","modified_gmt":"2015-08-21T15:03:29","slug":"ergebnisse-herren-b-kreisrangliste-zwischenrunde","status":"publish","type":"post","link":"https:\/\/www.ttf-wahn-grengel.de\/?p=332","title":{"rendered":"Ergebnisse Herren B Kreisrangliste Zwischenrunde"},"content":{"rendered":"<table style=\"text-align: left; width: 601px;\" border=\"0\">\n<tbody>\n<tr>\n<td style=\"width: 250px;\"><\/td>\n<td style=\"width: 200px;\"><\/td>\n<td style=\"width: 20px;\"><\/td>\n<td style=\"width: 150px;\"><\/td>\n<\/tr>\n<tr>\n<td style=\"width: 150px;\"><strong>Herren B &#8211; Zwischenrunde<\/strong><\/td>\n<td style=\"text-align: center; width: 200px;\"><strong><span style=\"text-decoration: underline;\"> Spiele<\/span><\/strong><\/td>\n<td style=\"text-align: center; width: 20px;\"><span style=\"text-decoration: underline;\"> <strong>S\u00e4tze<\/strong><\/span><\/td>\n<td style=\"text-align: center; width: 250px;\"><strong><span style=\"text-decoration: underline;\"> Platz<\/span><\/strong><\/td>\n<\/tr>\n<tr>\n<td style=\"width: 250px;\"><\/td>\n<td style=\"width: 200px;\"><\/td>\n<td style=\"width: 20px;\"><\/td>\n<td style=\"width: 150px;\"><\/td>\n<\/tr>\n<tr>\n<td style=\"width: 250px;\">Rei\u00df (TTF Wahn-Grengel)<\/td>\n<td style=\"text-align: center; width: 200px;\">3:0<\/td>\n<td style=\"text-align: center; width: 20px;\">9:3<\/td>\n<td style=\"text-align: center; width: 150px;\">1.<\/td>\n<\/tr>\n<tr>\n<td style=\"width: 250px;\">Weber (TTF Wahn-Grengel)<\/td>\n<td style=\"text-align: center; width: 200px;\">2:1<\/td>\n<td style=\"text-align: center; width: 20px;\">8:6<\/td>\n<td style=\"text-align: center; width: 150px;\">2.<\/td>\n<\/tr>\n<tr>\n<td style=\"width: 250px;\">Emir (TTF Wahn-Grengel)<\/td>\n<td style=\"text-align: center; width: 200px;\">1:2<\/td>\n<td style=\"text-align: center; width: 20px;\">5:7<\/td>\n<td style=\"text-align: center; width: 150px;\">3.<\/td>\n<\/tr>\n<tr>\n<td style=\"width: 250px;\"><span>Nussbaum (DJK D\u00fcnnwald) <\/span><\/td>\n<td style=\"text-align: center; width: 200px;\">0:3<a title=\"1. Jungen\" href=\"http:\/\/www.ttf-wahn-grengel.de\/?page_id=239\" target=\"_blank\"><\/a><\/td>\n<td style=\"text-align: center; width: 20px;\">3:9<\/td>\n<td style=\"text-align: center; width: 150px;\">4.<\/td>\n<\/tr>\n<tr>\n<td style=\"width: 250px;\"><\/td>\n<td style=\"width: 200px;\"><\/td>\n<td style=\"width: 20px;\"><\/td>\n<td style=\"width: 150px;\"><\/td>\n<\/tr>\n<\/tbody>\n<\/table>\n<p>Am vergangenen Freitag fand bei den Tischtennisfreunden in Wahnheide die Zwischenrunde der diesj\u00e4hrigen Herren B Kreisrangliste statt. Nach zahlreichen Absagen fanden lediglich vier Spieler den Weg in die Halle der Tischtennisfreunde, darunter gleich drei beheimatete Spieler aus Wahn-Grengel.<br \/>\nZu Beginn der Zwischenrunde stand fest, dass lediglich zwei Spielern der Sprung in die Endrunde gelingen w\u00fcrde und so entschied am Ende das Gl\u00fcck \u00fcber den zweiten Platz.<br \/>\nDie erste Runde spielte Varol gegen Christoph, mit dem gl\u00fccklicheren Ende f\u00fcr Christoph in der Verl\u00e4ngerung des f\u00fcnften Satzes. Zeitgleich besiegte Boris Thore Nussbaum aus D\u00fcnnwald mit 3:1.<br \/>\nIn der zweiten Runde konnte sich Boris gegen Varol mit 3:0 S\u00e4tzen durchsetzen und Christoph gl\u00fcckte mit einem 3:1 Erfolg gegen Thore der zweite Sieg.<br \/>\nIn der dritten und letzten Runde besiegte Varol abermals Thore mit 3:1 S\u00e4tzen, w\u00e4hrend Boris im Spiel um Platz eins Christoph mit 3:2 S\u00e4tzen schlagen konnte.<br \/>\nMit Pascal Rieboldt, Boris Rei\u00df und Christoph Weber stehen direkt drei Spieler der Tischtennisfreunde in der Endrunde der Kreisrangliste. Auch Varol Emir darf noch auf einen frei werdenden Platz in der Endrunde hoffen, um das Quartett aus Wahn-Grengel zu komplettieren.<\/p>\n","protected":false},"excerpt":{"rendered":"<p>Herren B &#8211; Zwischenrunde Spiele S\u00e4tze Platz Rei\u00df (TTF Wahn-Grengel) 3:0 9:3 1. Weber (TTF Wahn-Grengel) 2:1 8:6 2. Emir (TTF Wahn-Grengel) 1:2 5:7 3. Nussbaum (DJK D\u00fcnnwald) 0:3 3:9 4. Am vergangenen Freitag fand bei den Tischtennisfreunden in Wahnheide&#8230;<\/p>\n","protected":false},"author":3,"featured_media":0,"comment_status":"open","ping_status":"closed","sticky":false,"template":"","format":"standard","meta":{"jetpack_post_was_ever_published":false,"_jetpack_newsletter_access":"","_jetpack_dont_email_post_to_subs":false,"_jetpack_newsletter_tier_id":0,"footnotes":"","jetpack_publicize_message":"","jetpack_publicize_feature_enabled":true,"jetpack_social_post_already_shared":false,"jetpack_social_options":{"image_generator_settings":{"template":"highway","enabled":false}}},"categories":[9],"tags":[],"class_list":["post-332","post","type-post","status-publish","format-standard","hentry","category-saison-20102011","no-post-thumbnail"],"jetpack_publicize_connections":[],"jetpack_featured_media_url":"","jetpack_shortlink":"https:\/\/wp.me\/p9jMO0-5m","jetpack_sharing_enabled":true,"_links":{"self":[{"href":"https:\/\/www.ttf-wahn-grengel.de\/index.php?rest_route=\/wp\/v2\/posts\/332"}],"collection":[{"href":"https:\/\/www.ttf-wahn-grengel.de\/index.php?rest_route=\/wp\/v2\/posts"}],"about":[{"href":"https:\/\/www.ttf-wahn-grengel.de\/index.php?rest_route=\/wp\/v2\/types\/post"}],"author":[{"embeddable":true,"href":"https:\/\/www.ttf-wahn-grengel.de\/index.php?rest_route=\/wp\/v2\/users\/3"}],"replies":[{"embeddable":true,"href":"https:\/\/www.ttf-wahn-grengel.de\/index.php?rest_route=%2Fwp%2Fv2%2Fcomments&post=332"}],"version-history":[{"count":0,"href":"https:\/\/www.ttf-wahn-grengel.de\/index.php?rest_route=\/wp\/v2\/posts\/332\/revisions"}],"wp:attachment":[{"href":"https:\/\/www.ttf-wahn-grengel.de\/index.php?rest_route=%2Fwp%2Fv2%2Fmedia&parent=332"}],"wp:term":[{"taxonomy":"category","embeddable":true,"href":"https:\/\/www.ttf-wahn-grengel.de\/index.php?rest_route=%2Fwp%2Fv2%2Fcategories&post=332"},{"taxonomy":"post_tag","embeddable":true,"href":"https:\/\/www.ttf-wahn-grengel.de\/index.php?rest_route=%2Fwp%2Fv2%2Ftags&post=332"}],"curies":[{"name":"wp","href":"https:\/\/api.w.org\/{rel}","templated":true}]}}