{"id":344,"date":"2011-01-23T21:47:27","date_gmt":"2011-01-23T20:47:27","guid":{"rendered":"http:\/\/www.ttf-wahn-grengel.de\/?p=344"},"modified":"2015-08-21T15:59:39","modified_gmt":"2015-08-21T14:59:39","slug":"die-mini-meister-2011","status":"publish","type":"post","link":"https:\/\/www.ttf-wahn-grengel.de\/?p=344","title":{"rendered":"Die mini-Meister 2011"},"content":{"rendered":"<p style=\"text-align: center;\"><img decoding=\"async\" class=\"aligncenter\" style=\"vertical-align: middle;\" src=\"http:\/\/www.ttf-wahn-grengel.de\/wp-content\/bilder\/gruppe600.jpg\" alt=\"\" \/><\/p>\n<p>Am Sonntag 23.1.2011 fanden sich insgesamt 33 Jungen und M\u00e4dchen zu den Tischtennis-Mini-Meisterschaften in der Sporthalle Neue Heide in Wahnheide ein. Mit den zahlreichen Zuschauern, vor allem Eltern, die ihren Kindern die Daumen dr\u00fcckten, kamen sogar ca. 100 Teilnehmer oder Zuschauer zu der Veranstaltung der Tischtennisfreunde Wahn-Grengel.<!--more--><br \/>\nGesucht wurden die mini-Meister 2011. Um diesen Titel zu erringen, mussten die Nachwuchstalente zun\u00e4chst die Vorrunde in ihrer jeweiligen Gruppe \u00fcberstehen. Im Anschluss ging es dann f\u00fcr die ersten zwei jeder Gruppe im KO-System um die Pl\u00e4tze auf dem Treppchen. Zahlreiche spannende Spiele gab es dabei f\u00fcr die Zuschauer zu sehen. Die Entscheidungen am Finaltisch fielen unter den Augen aller Zuschauer und bildeten so den angemessenen Rahmen.  Unterteilt war das Turnier in drei Altersklassen. Bei den 11\/12j\u00e4hrigen Jungen konnte Dardan Rexhepi den Titel erringen. Sieger bei den 9 und 10 J\u00e4hrigen wurden Daniel Frere bei den Jungen und Melanie Blumenhofen bei den M\u00e4dchen. In der Altersklasse 8 Jahre und j\u00fcnger trug Kevin K\u00fchn den Sieg davon. Die M\u00e4dchenkonkurrenz des entsprechenden Alters gewann Niloufar Sanei.<\/p>\n<p style=\"text-align: center;\"><img decoding=\"async\" class=\"aligncenter\" style=\"vertical-align: middle;\" src=\"http:\/\/www.ttf-wahn-grengel.de\/wp-content\/bilder\/halle600.jpg\" alt=\"\" \/><\/p>\n<p>Die ersten Vier jeder Altersklasse haben sich f\u00fcr die n\u00e4chste Runde der mini-Meisterschaften qualifiziert. Sie werden demn\u00e4chst vom Westdeutschen-Tischtennis-Verband zum Kreisentscheid der mini-Meisterschaften eingeladen. Sollten sie weiterhin erfolgreich sein, k\u00f6nnte der Weg bis zum Bundesfinale 2011 f\u00fchren.<br \/>\nNach dem anstrengenden Turnier \u2013 \u00fcber 3 Stunden nach Anschlag standen die Sieger fest \u2013 konnten sich die neuen mini-Meister bei der Siegerehrung feiern lassen. Alle Teilnehmer erhielten Urkunden und kleine Sachpreise. Zus\u00e4tzlich laden die Tischtennisfreunde Wahn-Grengel alle Minis zu einem kostenlosen Schnuppertraining in den n\u00e4chsten Wochen ein.<\/p>\n<p>Weitere Bilder und die Siegerliste gibt es unter dem Punkt <a href=\"http:\/\/www.ttf-wahn-grengel.de\/?page_id=117\" target=\"_blank\">mini-Meisterschaften<\/a>.<\/p>\n","protected":false},"excerpt":{"rendered":"<p>Am Sonntag 23.1.2011 fanden sich insgesamt 33 Jungen und M\u00e4dchen zu den Tischtennis-Mini-Meisterschaften in der Sporthalle Neue Heide in Wahnheide ein. Mit den zahlreichen Zuschauern, vor allem Eltern, die ihren Kindern die Daumen dr\u00fcckten, kamen sogar ca. 100 Teilnehmer oder&#8230;<\/p>\n","protected":false},"author":3,"featured_media":0,"comment_status":"open","ping_status":"closed","sticky":false,"template":"","format":"standard","meta":{"jetpack_post_was_ever_published":false,"_jetpack_newsletter_access":"","_jetpack_dont_email_post_to_subs":false,"_jetpack_newsletter_tier_id":0,"footnotes":"","jetpack_publicize_message":"","jetpack_publicize_feature_enabled":true,"jetpack_social_post_already_shared":false,"jetpack_social_options":{"image_generator_settings":{"template":"highway","enabled":false}}},"categories":[9],"tags":[],"class_list":["post-344","post","type-post","status-publish","format-standard","hentry","category-saison-20102011","no-post-thumbnail"],"jetpack_publicize_connections":[],"jetpack_featured_media_url":"","jetpack_shortlink":"https:\/\/wp.me\/p9jMO0-5y","jetpack_sharing_enabled":true,"_links":{"self":[{"href":"https:\/\/www.ttf-wahn-grengel.de\/index.php?rest_route=\/wp\/v2\/posts\/344"}],"collection":[{"href":"https:\/\/www.ttf-wahn-grengel.de\/index.php?rest_route=\/wp\/v2\/posts"}],"about":[{"href":"https:\/\/www.ttf-wahn-grengel.de\/index.php?rest_route=\/wp\/v2\/types\/post"}],"author":[{"embeddable":true,"href":"https:\/\/www.ttf-wahn-grengel.de\/index.php?rest_route=\/wp\/v2\/users\/3"}],"replies":[{"embeddable":true,"href":"https:\/\/www.ttf-wahn-grengel.de\/index.php?rest_route=%2Fwp%2Fv2%2Fcomments&post=344"}],"version-history":[{"count":0,"href":"https:\/\/www.ttf-wahn-grengel.de\/index.php?rest_route=\/wp\/v2\/posts\/344\/revisions"}],"wp:attachment":[{"href":"https:\/\/www.ttf-wahn-grengel.de\/index.php?rest_route=%2Fwp%2Fv2%2Fmedia&parent=344"}],"wp:term":[{"taxonomy":"category","embeddable":true,"href":"https:\/\/www.ttf-wahn-grengel.de\/index.php?rest_route=%2Fwp%2Fv2%2Fcategories&post=344"},{"taxonomy":"post_tag","embeddable":true,"href":"https:\/\/www.ttf-wahn-grengel.de\/index.php?rest_route=%2Fwp%2Fv2%2Ftags&post=344"}],"curies":[{"name":"wp","href":"https:\/\/api.w.org\/{rel}","templated":true}]}}