{"id":348,"date":"2011-02-02T13:48:04","date_gmt":"2011-02-02T12:48:04","guid":{"rendered":"http:\/\/www.ttf-wahn-grengel.de\/?p=348"},"modified":"2015-08-21T15:58:37","modified_gmt":"2015-08-21T14:58:37","slug":"halle-wahnheide-vorubergehend-gesperrt","status":"publish","type":"post","link":"https:\/\/www.ttf-wahn-grengel.de\/?p=348","title":{"rendered":"Halle Wahnheide vor\u00fcbergehend gesperrt"},"content":{"rendered":"<p><img loading=\"lazy\" decoding=\"async\" class=\"aligncenter\" style=\"vertical-align: middle; float:left\" src=\"http:\/\/www.ttf-wahn-grengel.de\/wp-content\/uploads\/2011\/02\/wahn2.jpg\" alt=\"\" width=\"234\" height=\"174\" \/><\/p>\n<p>Heute Mittag erreichte uns die schlechte Nachricht, dass die Sporthalle der Heideschule in Wahnheide ab sofort gesperrt ist. Obwohl gestern Abend beim Herrentraining noch alles in Ordnung war, hat sich anscheinend heute der Bodenbelag gel\u00f6st. Aufgrunddessen wurde die Halle von der Stadt mit sofortiger Wirkung gesperrt. Uns wurde aber versprochen, dass sich mit oberster Priorit\u00e4t um die Wiederherstellung gek\u00fcmmert wird und eventuell schon in dieser Woche die notwendige Reparatur durchgef\u00fchrt wird.<\/p>\n<p>F\u00fcr das Training bedeutet das Folgendes:<br \/>\n<strong><br \/>\nHeute Mittwoch 2.2. f\u00e4llt das Jugendtraining leider komplett aus!<\/strong><\/p>\n<p><strong>Am kommenden Freitag 4.2. verlegen wir das Jugendtraining vorsichtshalber komplett nach Grengel.<br \/>\n16-17:30 Uhr Jugendtraining wie gehabt in Grengel<br \/>\n18-19:30 Uhr Jugendtraining als Ersatz f\u00fcr das Training in Wahnheide<br \/>\n<\/strong>Ort: Peter-Petersen Grundschule, Friedensstra\u00dfe 41-45, 51147 K\u00f6ln-Porz-Grengel<\/p>\n<p>Ob am 4.2. bereits wieder Herrentraining in Wahnheide stattfinden kann, werden wir hier auf der Homepage und \u00fcber den E-Mail-Verteiler kurzfristig mitteilen.<\/p>\n","protected":false},"excerpt":{"rendered":"<p>Heute Mittag erreichte uns die schlechte Nachricht, dass die Sporthalle der Heideschule in Wahnheide ab sofort gesperrt ist. Obwohl gestern Abend beim Herrentraining noch alles in Ordnung war, hat sich anscheinend heute der Bodenbelag gel\u00f6st. Aufgrunddessen wurde die Halle von&#8230;<\/p>\n","protected":false},"author":3,"featured_media":0,"comment_status":"closed","ping_status":"closed","sticky":false,"template":"","format":"standard","meta":{"jetpack_post_was_ever_published":false,"_jetpack_newsletter_access":"","_jetpack_dont_email_post_to_subs":false,"_jetpack_newsletter_tier_id":0,"footnotes":"","jetpack_publicize_message":"","jetpack_publicize_feature_enabled":true,"jetpack_social_post_already_shared":false,"jetpack_social_options":{"image_generator_settings":{"template":"highway","enabled":false}}},"categories":[9],"tags":[],"class_list":["post-348","post","type-post","status-publish","format-standard","hentry","category-saison-20102011","no-post-thumbnail"],"jetpack_publicize_connections":[],"jetpack_featured_media_url":"","jetpack_shortlink":"https:\/\/wp.me\/p9jMO0-5C","jetpack_sharing_enabled":true,"_links":{"self":[{"href":"https:\/\/www.ttf-wahn-grengel.de\/index.php?rest_route=\/wp\/v2\/posts\/348"}],"collection":[{"href":"https:\/\/www.ttf-wahn-grengel.de\/index.php?rest_route=\/wp\/v2\/posts"}],"about":[{"href":"https:\/\/www.ttf-wahn-grengel.de\/index.php?rest_route=\/wp\/v2\/types\/post"}],"author":[{"embeddable":true,"href":"https:\/\/www.ttf-wahn-grengel.de\/index.php?rest_route=\/wp\/v2\/users\/3"}],"replies":[{"embeddable":true,"href":"https:\/\/www.ttf-wahn-grengel.de\/index.php?rest_route=%2Fwp%2Fv2%2Fcomments&post=348"}],"version-history":[{"count":0,"href":"https:\/\/www.ttf-wahn-grengel.de\/index.php?rest_route=\/wp\/v2\/posts\/348\/revisions"}],"wp:attachment":[{"href":"https:\/\/www.ttf-wahn-grengel.de\/index.php?rest_route=%2Fwp%2Fv2%2Fmedia&parent=348"}],"wp:term":[{"taxonomy":"category","embeddable":true,"href":"https:\/\/www.ttf-wahn-grengel.de\/index.php?rest_route=%2Fwp%2Fv2%2Fcategories&post=348"},{"taxonomy":"post_tag","embeddable":true,"href":"https:\/\/www.ttf-wahn-grengel.de\/index.php?rest_route=%2Fwp%2Fv2%2Ftags&post=348"}],"curies":[{"name":"wp","href":"https:\/\/api.w.org\/{rel}","templated":true}]}}