{"id":437,"date":"2012-09-01T10:42:33","date_gmt":"2012-09-01T09:42:33","guid":{"rendered":"http:\/\/www.ttf-wahn-grengel.de\/?p=437"},"modified":"2015-08-21T15:33:05","modified_gmt":"2015-08-21T14:33:05","slug":"saisonauftakt-fur-die-erste-herren-in-die-saison-2012-2013","status":"publish","type":"post","link":"https:\/\/www.ttf-wahn-grengel.de\/?p=437","title":{"rendered":"Gegl\u00fcckter Saisonauftakt f\u00fcr die 1. Herrenmannschaft"},"content":{"rendered":"<table style=\"text-align: left; width: 601px;\" border=\"0\">\n<tbody>\n<tr>\n<td style=\"width: 150px;\"><strong>Herren:<\/strong><\/td>\n<td style=\"width: 200px;\"><\/td>\n<td style=\"width: 20px;\"><\/td>\n<td style=\"width: 250px;\"><\/td>\n<td style=\"width: 100px;\"><\/td>\n<td style=\"width: 80px;\"><\/td>\n<\/tr>\n<tr>\n<td style=\"width: 150px;\"><span style=\"color: #000000;\">31.08.2012\/20:00<\/span><\/td>\n<td style=\"text-align: left; width: 200px;\">TTG Niederkassel 3<\/td>\n<td style=\"width: 20px;\">&#8211;<\/td>\n<td style=\"text-align: left; width: 250px;\"><a title=\"1. Herren\" href=\"..\/?page_id=282\" target=\"_blank\">TTF 1<\/a><\/td>\n<td style=\"width: 100px;\"><a href=\"http:\/\/wttv.click-tt.de\/cgi-bin\/WebObjects\/ClickWTTV.woa\/wa\/groupMeetingReport?meeting=5504428&amp;championship=B15+12%2F13&amp;group=178288\" target=\"_blank\"><span style=\"color: #00ff00;\"><strong>1:9<\/strong><\/span><\/a><\/td>\n<td style=\"width: 80px;\"><a title=\"Tabelle Bezirksklasse 4\" href=\"http:\/\/wttv.click-tt.de\/cgi-bin\/WebObjects\/ClickWTTV.woa\/wa\/groupPage?championship=B15+12%2F13&amp;group=178288\" target=\"_blank\">Tabelle<\/a><\/td>\n<\/tr>\n<tr>\n<td style=\"width: 150px;\"><\/td>\n<td style=\"width: 200px;\"><\/td>\n<td style=\"width: 20px;\"><\/td>\n<td style=\"width: 250px;\"><\/td>\n<td style=\"width: 100px;\"><\/td>\n<td style=\"width: 80px;\"><\/td>\n<\/tr>\n<\/tbody>\n<\/table>\n<table style=\"float: left;\" border=\"0\" width=\"200\" align=\"left\">\n<tbody>\n<tr>\n<td><img loading=\"lazy\" decoding=\"async\" src=\"http:\/\/www.ttf-wahn-grengel.de\/wp-content\/uploads\/2012\/09\/1-herren_2012_2013.jpg\" alt=\"\" width=\"336\" height=\"183\" \/><\/td>\n<\/tr>\n<tr>\n<td style=\"text-align: center;\"><em>1. Herrenmannschaft v.r.n.l.: Tobias Weber, Boris Reiss, Christoph Weber, Frank Boden, Pascal Rieboldt und Varol Emir<\/em><\/td>\n<\/tr>\n<\/tbody>\n<\/table>\n<p>F\u00fcr die erste Herrenmannschaft der Tischtennisfreunde aus Wahn-Grengel war es ein erfolgreicher Start in die Saison 2012\/2013. Beim bisher unbekannten Gegner aus Niederkassel legte die Mannschaft um ihre Neuzug\u00e4nge Tobias Weber und Frank Boden einen Blitzstart hin und f\u00fchrte nach den Doppeln schnell 3:0.<br \/>\nIn seinem ersten Einzel f\u00fcr die Tischtennisfreunde zeigte Tobias eine ansprechende Leistung, wenngleich sein Trainingsr\u00fcckstand noch deutliches Potenzial nach oben vermuten l\u00e4\u00dft (4:0). Nach einem holprigen Start in den ersten Satz konnte Boris das Spiel gegen die Nummer eins aus Niederkassel im weiteren Verlauf dominieren und baute den Vorsprung auf 5:0 aus. Frank zeigte in seinem ersten Spiel f\u00fcr die Tischtennisfreunde ebenfalls eine gute sportliche Leistung und best\u00e4tigte damit seine aufstrebende Form im Training. Christoph war der Trainingsr\u00fcckstand anzumerken und besiegte seinen Gegner dennoch gl\u00fccklich zum zwischenzeitlichen 7:0 f\u00fcr die Tischtennisfreunde. Einziger Wehrmutstropfen f\u00fcr die Tischtennisfreunde war die Niederlage von Varol gegen die Nummer f\u00fcnf aus Niederkassel. Auch ihm war der Trainingsr\u00fcckstand anzumerken, l\u00e4sst aber ebenfalls einen Anstieg seiner Form in den kommenden Wochen erwarten. Pascal beendete den ersten Durchgang mit einem souver\u00e4nen 3:0 Sieg, bevor Tobi mit seinem zweiten Einzel den Schlu\u00dfpunkt unter einen sehr erfreulichen Start in die neue Saison setzen konnte.<\/p>\n<p>Zusammen mit Freunden, Zuschauern und Spielerfrauen feierte die Erste im Anschlu\u00df dieses gegl\u00fcckten Saisonauftakts sich und einen tollen Start in die neue Saison.<\/p>\n","protected":false},"excerpt":{"rendered":"<p>Herren: 31.08.2012\/20:00 TTG Niederkassel 3 &#8211; TTF 1 1:9 Tabelle 1. Herrenmannschaft v.r.n.l.: Tobias Weber, Boris Reiss, Christoph Weber, Frank Boden, Pascal Rieboldt und Varol Emir F\u00fcr die erste Herrenmannschaft der Tischtennisfreunde aus Wahn-Grengel war es ein erfolgreicher Start in&#8230;<\/p>\n","protected":false},"author":3,"featured_media":0,"comment_status":"closed","ping_status":"closed","sticky":false,"template":"","format":"standard","meta":{"jetpack_post_was_ever_published":false,"_jetpack_newsletter_access":"","_jetpack_dont_email_post_to_subs":false,"_jetpack_newsletter_tier_id":0,"footnotes":"","jetpack_publicize_message":"","jetpack_publicize_feature_enabled":true,"jetpack_social_post_already_shared":false,"jetpack_social_options":{"image_generator_settings":{"template":"highway","enabled":false}}},"categories":[7],"tags":[],"class_list":["post-437","post","type-post","status-publish","format-standard","hentry","category-saison-20122013","no-post-thumbnail"],"jetpack_publicize_connections":[],"jetpack_featured_media_url":"","jetpack_shortlink":"https:\/\/wp.me\/p9jMO0-73","jetpack_sharing_enabled":true,"_links":{"self":[{"href":"https:\/\/www.ttf-wahn-grengel.de\/index.php?rest_route=\/wp\/v2\/posts\/437"}],"collection":[{"href":"https:\/\/www.ttf-wahn-grengel.de\/index.php?rest_route=\/wp\/v2\/posts"}],"about":[{"href":"https:\/\/www.ttf-wahn-grengel.de\/index.php?rest_route=\/wp\/v2\/types\/post"}],"author":[{"embeddable":true,"href":"https:\/\/www.ttf-wahn-grengel.de\/index.php?rest_route=\/wp\/v2\/users\/3"}],"replies":[{"embeddable":true,"href":"https:\/\/www.ttf-wahn-grengel.de\/index.php?rest_route=%2Fwp%2Fv2%2Fcomments&post=437"}],"version-history":[{"count":0,"href":"https:\/\/www.ttf-wahn-grengel.de\/index.php?rest_route=\/wp\/v2\/posts\/437\/revisions"}],"wp:attachment":[{"href":"https:\/\/www.ttf-wahn-grengel.de\/index.php?rest_route=%2Fwp%2Fv2%2Fmedia&parent=437"}],"wp:term":[{"taxonomy":"category","embeddable":true,"href":"https:\/\/www.ttf-wahn-grengel.de\/index.php?rest_route=%2Fwp%2Fv2%2Fcategories&post=437"},{"taxonomy":"post_tag","embeddable":true,"href":"https:\/\/www.ttf-wahn-grengel.de\/index.php?rest_route=%2Fwp%2Fv2%2Ftags&post=437"}],"curies":[{"name":"wp","href":"https:\/\/api.w.org\/{rel}","templated":true}]}}