{"id":440,"date":"2012-09-14T20:52:37","date_gmt":"2012-09-14T19:52:37","guid":{"rendered":"http:\/\/www.ttf-wahn-grengel.de\/?p=440"},"modified":"2015-08-21T15:32:29","modified_gmt":"2015-08-21T14:32:29","slug":"vorschau-auf-den-2-spieltag","status":"publish","type":"post","link":"https:\/\/www.ttf-wahn-grengel.de\/?p=440","title":{"rendered":"Ergebnisse des 2. Spieltags"},"content":{"rendered":"<table style=\"text-align: left; width: 601px;\" border=\"0\">\n<tbody>\n<tr>\n<td style=\"width: 150px;\"><strong>Herren:<\/strong><\/td>\n<td style=\"width: 200px;\"><\/td>\n<td style=\"width: 20px;\"><\/td>\n<td style=\"width: 250px;\"><\/td>\n<td style=\"width: 100px;\"><\/td>\n<td style=\"width: 80px;\"><\/td>\n<\/tr>\n<tr>\n<td style=\"width: 150px;\"><span style=\"color: #ff0000;\">11.09.2012\/19:45<\/span><\/td>\n<td style=\"text-align: left; width: 200px;\"><a title=\"1. Herren\" href=\"http:\/\/www.ttf-wahn-grengel.de\/?page_id=282\" target=\"_blank\">TTF 1<\/a><\/td>\n<td style=\"width: 20px;\">&#8211;<\/td>\n<td style=\"text-align: left; width: 250px;\">TTC Eschmar<\/td>\n<td style=\"width: 100px;\"><a href=\"http:\/\/wttv.click-tt.de\/cgi-bin\/WebObjects\/ClickWTTV.woa\/wa\/groupMeetingReport?meeting=5504438&amp;championship=B15+12%2F13&amp;group=178288\" target=\"_blank\"><span style=\"color: #00ff00;\"><strong>9:4<\/strong><\/span><\/a><\/td>\n<td style=\"width: 80px;\"><a title=\"Tabelle Bezirksklasse 5\" href=\"http:\/\/wttv.click-tt.de\/cgi-bin\/WebObjects\/ClickWTTV.woa\/wa\/groupPage?championship=B15+12%2F13&amp;group=178288\" target=\"_blank\">Tabelle<\/a><\/td>\n<\/tr>\n<tr>\n<td style=\"width: 150px;\"><\/td>\n<td style=\"width: 200px;\"><\/td>\n<td style=\"width: 20px;\"><\/td>\n<td style=\"width: 250px;\"><\/td>\n<td style=\"width: 100px;\"><\/td>\n<td style=\"width: 80px;\"><\/td>\n<\/tr>\n<tr>\n<td style=\"width: 150px;\"><strong>Jungen:<\/strong><\/td>\n<td style=\"width: 200px;\"><\/td>\n<td style=\"width: 20px;\"><\/td>\n<td style=\"width: 250px;\"><\/td>\n<td style=\"width: 100px;\"><\/td>\n<td style=\"width: 80px;\"><\/td>\n<\/tr>\n<tr>\n<td style=\"width: 150px;\"><span style=\"color: #000000;\">15.09.2012\/15:00<\/span><\/td>\n<td style=\"text-align: left; width: 200px;\"><a title=\"1. Jungen\" href=\"http:\/\/www.ttf-wahn-grengel.de\/?page_id=242\" target=\"_blank\">TTF 1<\/a><\/td>\n<td style=\"width: 20px;\">&#8211;<\/td>\n<td style=\"text-align: left; width: 250px;\">Post SV Opladen<\/td>\n<td style=\"width: 100px;\"><a href=\"http:\/\/wttv.click-tt.de\/cgi-bin\/WebObjects\/ClickWTTV.woa\/wa\/clubMeetingReport?meeting=5496831&amp;championship=K153+12%2F13&amp;club=8241&amp;group=178830\" target=\"_blank\"><span style=\"color: #ff0000;\"><strong>4:6<\/strong><\/span><\/a><\/td>\n<td style=\"width: 80px;\"><a title=\"Tabelle Kreisliga\" href=\"http:\/\/wttv.click-tt.de\/cgi-bin\/WebObjects\/ClickWTTV.woa\/wa\/groupPage?championship=K153+12%2F13&amp;group=178830\" target=\"_blank\">Tabelle<\/a><\/td>\n<\/tr>\n<tr>\n<td style=\"width: 150px;\"><span style=\"color: #000000;\">15.09.2012\/13:00<\/span><\/td>\n<td style=\"text-align: left; width: 200px;\">Post SV Opladen 2<\/td>\n<td style=\"width: 20px;\">&#8211;<\/td>\n<td style=\"text-align: left; width: 250px;\"><a title=\"2. Jungen\" href=\"http:\/\/www.ttf-wahn-grengel.de\/?page_id=435\" target=\"_blank\">TTF 2<br \/>\n<\/a><\/td>\n<td style=\"width: 100px;\"><a href=\"http:\/\/wttv.click-tt.de\/cgi-bin\/WebObjects\/ClickWTTV.woa\/wa\/clubMeetingReport?meeting=5496938&amp;championship=K153+12%2F13&amp;club=8241&amp;group=178832\" target=\"_blank\"><span style=\"color: #ff0000;\"><strong>9:1<\/strong><\/span><\/a><\/td>\n<td style=\"width: 80px;\"><a title=\"Tabelle 2. Kreisklasse\" href=\"http:\/\/wttv.click-tt.de\/cgi-bin\/WebObjects\/ClickWTTV.woa\/wa\/groupPage?championship=K153+12%2F13&amp;group=178832\" target=\"_blank\">Tabelle<\/a><\/td>\n<\/tr>\n<tr>\n<td style=\"width: 150px;\"><\/td>\n<td style=\"width: 200px;\"><\/td>\n<td style=\"width: 20px;\"><\/td>\n<td style=\"width: 250px;\"><\/td>\n<td style=\"width: 100px;\"><\/td>\n<td style=\"width: 80px;\"><\/td>\n<\/tr>\n<tr>\n<td style=\"width: 150px;\"><strong>Sch\u00fcler A:<\/strong><\/td>\n<td style=\"width: 200px;\"><\/td>\n<td style=\"width: 20px;\"><\/td>\n<td style=\"width: 250px;\"><\/td>\n<td style=\"width: 100px;\"><\/td>\n<td style=\"width: 80px;\"><\/td>\n<\/tr>\n<tr>\n<td style=\"width: 150px;\"><span style=\"color: #000000;\">15.09.2012\/13:00<\/span><\/td>\n<td style=\"text-align: left; width: 200px;\"><a title=\"1. A-Sch\u00fcler\" href=\"http:\/\/www.ttf-wahn-grengel.de\/?page_id=243\" target=\"_blank\">TTF 1<\/a><\/td>\n<td style=\"width: 20px;\">&#8211;<\/td>\n<td style=\"text-align: left; width: 250px;\">Post SV Opladen<\/td>\n<td style=\"width: 100px;\"><a href=\"http:\/\/wttv.click-tt.de\/cgi-bin\/WebObjects\/ClickWTTV.woa\/wa\/clubMeetingReport?meeting=5497068&amp;championship=K153+12%2F13&amp;club=8241&amp;group=182387\" target=\"_blank\"><span style=\"color: #ff0000;\"><strong>1:9<\/strong><\/span><\/a><\/td>\n<td style=\"width: 80px;\"><a title=\"Tabelle Kreisliga\" href=\"http:\/\/wttv.click-tt.de\/cgi-bin\/WebObjects\/ClickWTTV.woa\/wa\/groupPage?championship=K153+12%2F13&amp;group=178833\" target=\"_blank\">Tabelle<\/a><\/td>\n<\/tr>\n<tr>\n<td style=\"width: 150px;\"><span style=\"color: #000000;\">15.09.2012\/13:00<\/span><\/td>\n<td style=\"text-align: left; width: 200px;\"><a title=\"2. A-Sch\u00fcler\" href=\"http:\/\/www.ttf-wahn-grengel.de\/?page_id=384\" target=\"_blank\">TTF 2<\/a><\/td>\n<td style=\"width: 20px;\">&#8211;<\/td>\n<td style=\"text-align: left; width: 250px;\">Heiligenhauser SV 2<a title=\"1. Herren\" href=\"http:\/\/www.ttf-wahn-grengel.de\/?page_id=282\" target=\"_blank\"><br \/>\n<\/a><\/td>\n<td style=\"width: 100px;\"><a href=\"http:\/\/wttv.click-tt.de\/cgi-bin\/WebObjects\/ClickWTTV.woa\/wa\/clubMeetingReport?meeting=5496975&amp;championship=K153+12%2F13&amp;club=8241&amp;group=178833\" target=\"_blank\"><span style=\"color: #ff0000;\"><strong>2:8<\/strong><\/span><\/a><\/td>\n<td style=\"width: 80px;\"><a title=\"Tabelle 1. Kreisklasse (Gruppe 2)\" href=\"http:\/\/wttv.click-tt.de\/cgi-bin\/WebObjects\/ClickWTTV.woa\/wa\/groupPage?championship=K153+12%2F13&amp;group=182387\" target=\"_blank\">Tabelle<\/a><\/td>\n<\/tr>\n<tr>\n<td style=\"width: 150px;\"><\/td>\n<td style=\"width: 200px;\"><\/td>\n<td style=\"width: 20px;\"><\/td>\n<td style=\"width: 250px;\"><\/td>\n<td style=\"width: 100px;\"><\/td>\n<td style=\"width: 80px;\"><\/td>\n<\/tr>\n<tr>\n<td style=\"width: 150px;\"><strong>Sch\u00fcler B:<\/strong><\/td>\n<td style=\"width: 200px;\"><\/td>\n<td style=\"width: 20px;\"><\/td>\n<td style=\"width: 250px;\"><\/td>\n<td style=\"width: 100px;\"><\/td>\n<td style=\"width: 80px;\"><\/td>\n<\/tr>\n<tr>\n<td style=\"width: 150px;\"><span style=\"color: #000000;\">15.09.2012\/spielfrei<\/span><\/td>\n<td style=\"text-align: left; width: 200px;\"><a title=\"1. B-Sch\u00fcler\" href=\"http:\/\/www.ttf-wahn-grengel.de\/?page_id=244\" target=\"_blank\">TTF 1<\/a><\/td>\n<td style=\"width: 20px;\">&#8211;<\/td>\n<td style=\"text-align: left; width: 250px;\">spielfrei<\/td>\n<td style=\"width: 100px;\"><strong>_:_<\/strong><\/td>\n<td style=\"width: 80px;\"><a title=\"Tabelle Kreisliga (Gruppe 2)\" href=\"http:\/\/wttv.click-tt.de\/cgi-bin\/WebObjects\/ClickWTTV.woa\/wa\/groupPage?championship=K153+12%2F13&amp;group=178836\" target=\"_blank\">Tabelle<\/a><\/td>\n<\/tr>\n<tr>\n<td style=\"width: 150px;\"><span style=\"color: #000000;\">15.09.2012\/15:00<\/span><\/td>\n<td style=\"text-align: left; width: 200px;\">Heiligenhauser SV<\/td>\n<td style=\"width: 20px;\">&#8211;<\/td>\n<td style=\"text-align: left; width: 250px;\"><a title=\"2. B-Sch\u00fcler\" href=\"http:\/\/www.ttf-wahn-grengel.de\/?page_id=285\" target=\"_blank\">TTF 2<\/a><a title=\"1. Herren\" href=\"http:\/\/www.ttf-wahn-grengel.de\/?page_id=282\" target=\"_blank\"> <\/a><\/td>\n<td style=\"width: 100px;\"><a href=\"http:\/\/wttv.click-tt.de\/cgi-bin\/WebObjects\/ClickWTTV.woa\/wa\/clubMeetingReport?meeting=5497120&amp;championship=K153+12%2F13&amp;club=8241&amp;group=178837\" target=\"_blank\"><span style=\"color: #ff0000;\"><strong>7:3<\/strong><\/span><\/a><\/td>\n<td style=\"width: 80px;\"><a title=\"Tabelle Kreisliga (Gruppe 1)\" href=\"http:\/\/wttv.click-tt.de\/cgi-bin\/WebObjects\/ClickWTTV.woa\/wa\/groupPage?championship=K153+12%2F13&amp;group=178837\" target=\"_blank\">Tabelle<\/a><\/td>\n<\/tr>\n<\/tbody>\n<\/table>\n<p>Am 11.09.2012 bestritt die erste Herrenmannschaft aus Wahn-Grengel bereits ihr zweites Meisterschaftsspiel der noch jungen Saison 2012\/2013.<br \/>\nNach dem gegl\u00fcckten Saisonauftakt gegen Niederkassel punktete unsere &#8222;Erste&#8220; auch gegen den Tischtennisclub aus Eschmar. Trotz des krankheitsbedingten Ausfalls von Pascal \u00fcberzeugten die Tischtennisfreunde w\u00e4hrend der Partie \u00fcber weite Strecken.<\/p>\n<p>Nach der ungl\u00fccklichen Niederlage von Boris und Christoph sowie einer auf hohem Niveau gef\u00fchrten Doppelpartie zwischen Tobi\/Frank und Wenzel\/Reudenbach, entschieden Varol und Mario ihr Eingangsdoppel f\u00fcr sich und erspielten ihren Sieg zum zwischenzeitlichen 2:1 f\u00fcr die Tischtennisfreunde.<\/p>\n<p>Tobi lie\u00df seinem Gegner im ersten Einzel keine Chance und gl\u00e4nzte mit Angriffstischtennis der Extraklasse (3:1). Boris fand bei seinem ersten Auftritt gegen die Nummer eins des Gegners zu keiner Zeit ins Spiel und vermisste bei sich die &#8222;n\u00f6tige Einstellung&#8220;.<\/p>\n<p>Christoph merkte man in der Mitte den Trainingsr\u00fcckstand an, der allerdings nach drei S\u00e4tzen in der Verl\u00e4ngerung einen weiteren Punkt f\u00fcr die Tischtennisfreunde hinzusteuern konnte. Frank \u00fcberzeugte mit einer makellosen Vorstellung und ergatterte nach einem lupenreinen Satzgewinn, ohne Punktvergabe\u00a0 an den Gegner, den f\u00fcnften Punkt f\u00fcr die Tischtennisfreunde (5:2).<\/p>\n<p>Varol agierte gegen Apelt etwas ungl\u00fccklich und verlor trotz Satzgewinn sein Spiel gegen die Nummer sechs der G\u00e4ste. F\u00fcr Pascal ins Team ger\u00fcckt, steigerte sich Mario von Satz zu Satz und erh\u00f6hte auf 6:3.<\/p>\n<p>Im zweiten Durchgang entschieden Tobi, Boris und Frank mit ihren gewonnenen Punkten das Match f\u00fcr die Tischtennisfreunde, die sich f\u00fcr wenige Tage an der Tabellenspitze der Bezirksklasse 5 wiederfinden.<\/p>\n","protected":false},"excerpt":{"rendered":"<p>Herren: 11.09.2012\/19:45 TTF 1 &#8211; TTC Eschmar 9:4 Tabelle Jungen: 15.09.2012\/15:00 TTF 1 &#8211; Post SV Opladen 4:6 Tabelle 15.09.2012\/13:00 Post SV Opladen 2 &#8211; TTF 2 9:1 Tabelle Sch\u00fcler A: 15.09.2012\/13:00 TTF 1 &#8211; Post SV Opladen 1:9 Tabelle&#8230;<\/p>\n","protected":false},"author":3,"featured_media":0,"comment_status":"closed","ping_status":"closed","sticky":false,"template":"","format":"standard","meta":{"jetpack_post_was_ever_published":false,"_jetpack_newsletter_access":"","_jetpack_dont_email_post_to_subs":false,"_jetpack_newsletter_tier_id":0,"footnotes":"","jetpack_publicize_message":"","jetpack_publicize_feature_enabled":true,"jetpack_social_post_already_shared":false,"jetpack_social_options":{"image_generator_settings":{"template":"highway","enabled":false}}},"categories":[7],"tags":[],"class_list":["post-440","post","type-post","status-publish","format-standard","hentry","category-saison-20122013","no-post-thumbnail"],"jetpack_publicize_connections":[],"jetpack_featured_media_url":"","jetpack_shortlink":"https:\/\/wp.me\/p9jMO0-76","jetpack_sharing_enabled":true,"_links":{"self":[{"href":"https:\/\/www.ttf-wahn-grengel.de\/index.php?rest_route=\/wp\/v2\/posts\/440"}],"collection":[{"href":"https:\/\/www.ttf-wahn-grengel.de\/index.php?rest_route=\/wp\/v2\/posts"}],"about":[{"href":"https:\/\/www.ttf-wahn-grengel.de\/index.php?rest_route=\/wp\/v2\/types\/post"}],"author":[{"embeddable":true,"href":"https:\/\/www.ttf-wahn-grengel.de\/index.php?rest_route=\/wp\/v2\/users\/3"}],"replies":[{"embeddable":true,"href":"https:\/\/www.ttf-wahn-grengel.de\/index.php?rest_route=%2Fwp%2Fv2%2Fcomments&post=440"}],"version-history":[{"count":0,"href":"https:\/\/www.ttf-wahn-grengel.de\/index.php?rest_route=\/wp\/v2\/posts\/440\/revisions"}],"wp:attachment":[{"href":"https:\/\/www.ttf-wahn-grengel.de\/index.php?rest_route=%2Fwp%2Fv2%2Fmedia&parent=440"}],"wp:term":[{"taxonomy":"category","embeddable":true,"href":"https:\/\/www.ttf-wahn-grengel.de\/index.php?rest_route=%2Fwp%2Fv2%2Fcategories&post=440"},{"taxonomy":"post_tag","embeddable":true,"href":"https:\/\/www.ttf-wahn-grengel.de\/index.php?rest_route=%2Fwp%2Fv2%2Ftags&post=440"}],"curies":[{"name":"wp","href":"https:\/\/api.w.org\/{rel}","templated":true}]}}