{"id":449,"date":"2012-09-30T21:38:07","date_gmt":"2012-09-30T20:38:07","guid":{"rendered":"http:\/\/www.ttf-wahn-grengel.de\/?p=449"},"modified":"2015-08-21T15:31:25","modified_gmt":"2015-08-21T14:31:25","slug":"feierliche-hochzeit-von-fabricia-und-boris-reiss","status":"publish","type":"post","link":"https:\/\/www.ttf-wahn-grengel.de\/?p=449","title":{"rendered":"Feierliche Hochzeit von Fabricia und Boris Reiss"},"content":{"rendered":"<table style=\"float: right;\" border=\"0\" width=\"200\" align=\"right\">\n<tbody>\n<tr>\n<td><img loading=\"lazy\" decoding=\"async\" class=\"alignright\" src=\"http:\/\/www.ttf-wahn-grengel.de\/wp-content\/uploads\/2012\/09\/boris_hochzeit.jpg\" alt=\"\" width=\"274\" height=\"204\" \/><\/td>\n<\/tr>\n<tr>\n<td style=\"text-align: center;\"><em>v.l.n.r.: Pascal, Mario, Boris, Christoph, Varol und Daniel<br \/>\n<\/em><\/td>\n<\/tr>\n<\/tbody>\n<\/table>\n<table style=\"float: left;\" border=\"0\" width=\"200\" align=\"left\">\n<tbody>\n<tr>\n<td><img loading=\"lazy\" decoding=\"async\" src=\"http:\/\/www.ttf-wahn-grengel.de\/wp-content\/uploads\/2012\/09\/bo_fabricia.jpg\" alt=\"\" width=\"203\" height=\"252\" \/><\/td>\n<\/tr>\n<tr>\n<td style=\"text-align: center;\"><em>Das frischverm\u00e4hlte Hochzeitspaar Fabricia und Boris Reiss <\/em><\/td>\n<\/tr>\n<\/tbody>\n<\/table>\n<p>Am vergangenen Samstag gaben sich Fabricia und Boris das &#8222;Ja&#8220;- Wort.<\/p>\n<p>Im Beisein der Mannschafts-<br \/>\nkollegen von Boris feierten die beiden eine gelungene Hochzeit.<\/p>\n<p>Zu latein-<br \/>\namerikanischen Kl\u00e4ngen und kulinarischen Speisen feierte die Hochzeitsgesellschaft bis sp\u00e4t in die Nacht und bereitete dem Hochzeitspaar einen unvergesslichen Abend.<\/p>\n<p style=\"text-align: center;\"><strong>Die Tischtennisfreunde Wahn-Grengel gratulieren dem frischverm\u00e4hlten Hochzeitspaar aufs herzlichste und w\u00fcnschen ihnen f\u00fcr ihre Zukunft alles Gute, viel Gesundheit sowie die Erf\u00fcllung all ihrer Tr\u00e4ume!!! <\/strong><\/p>\n","protected":false},"excerpt":{"rendered":"<p>v.l.n.r.: Pascal, Mario, Boris, Christoph, Varol und Daniel Das frischverm\u00e4hlte Hochzeitspaar Fabricia und Boris Reiss Am vergangenen Samstag gaben sich Fabricia und Boris das &#8222;Ja&#8220;- Wort. Im Beisein der Mannschafts- kollegen von Boris feierten die beiden eine gelungene Hochzeit. Zu&#8230;<\/p>\n","protected":false},"author":3,"featured_media":0,"comment_status":"closed","ping_status":"closed","sticky":false,"template":"","format":"standard","meta":{"jetpack_post_was_ever_published":false,"_jetpack_newsletter_access":"","_jetpack_dont_email_post_to_subs":false,"_jetpack_newsletter_tier_id":0,"footnotes":"","jetpack_publicize_message":"","jetpack_publicize_feature_enabled":true,"jetpack_social_post_already_shared":false,"jetpack_social_options":{"image_generator_settings":{"template":"highway","enabled":false}}},"categories":[7],"tags":[],"class_list":["post-449","post","type-post","status-publish","format-standard","hentry","category-saison-20122013","no-post-thumbnail"],"jetpack_publicize_connections":[],"jetpack_featured_media_url":"","jetpack_shortlink":"https:\/\/wp.me\/p9jMO0-7f","jetpack_sharing_enabled":true,"_links":{"self":[{"href":"https:\/\/www.ttf-wahn-grengel.de\/index.php?rest_route=\/wp\/v2\/posts\/449"}],"collection":[{"href":"https:\/\/www.ttf-wahn-grengel.de\/index.php?rest_route=\/wp\/v2\/posts"}],"about":[{"href":"https:\/\/www.ttf-wahn-grengel.de\/index.php?rest_route=\/wp\/v2\/types\/post"}],"author":[{"embeddable":true,"href":"https:\/\/www.ttf-wahn-grengel.de\/index.php?rest_route=\/wp\/v2\/users\/3"}],"replies":[{"embeddable":true,"href":"https:\/\/www.ttf-wahn-grengel.de\/index.php?rest_route=%2Fwp%2Fv2%2Fcomments&post=449"}],"version-history":[{"count":0,"href":"https:\/\/www.ttf-wahn-grengel.de\/index.php?rest_route=\/wp\/v2\/posts\/449\/revisions"}],"wp:attachment":[{"href":"https:\/\/www.ttf-wahn-grengel.de\/index.php?rest_route=%2Fwp%2Fv2%2Fmedia&parent=449"}],"wp:term":[{"taxonomy":"category","embeddable":true,"href":"https:\/\/www.ttf-wahn-grengel.de\/index.php?rest_route=%2Fwp%2Fv2%2Fcategories&post=449"},{"taxonomy":"post_tag","embeddable":true,"href":"https:\/\/www.ttf-wahn-grengel.de\/index.php?rest_route=%2Fwp%2Fv2%2Ftags&post=449"}],"curies":[{"name":"wp","href":"https:\/\/api.w.org\/{rel}","templated":true}]}}