{"id":486,"date":"2013-02-17T09:11:05","date_gmt":"2013-02-17T08:11:05","guid":{"rendered":"http:\/\/www.ttf-wahn-grengel.de\/?p=486"},"modified":"2015-08-21T15:25:55","modified_gmt":"2015-08-21T14:25:55","slug":"vorschau-auf-den-15-spieltag-1617022013","status":"publish","type":"post","link":"https:\/\/www.ttf-wahn-grengel.de\/?p=486","title":{"rendered":"Ergebnisse des 15. Spieltags"},"content":{"rendered":"<p>Am kommenden <strong>Samstag, den 16.02.2013 um 18:30 Uhr<\/strong>, empf\u00e4ngt die erste Herrenmannschaft der Tischtennisfreunde aus Wahn-Grengel als direkter Verfolger den Tabellenf\u00fchrer der Bezirksklasse 5 vom TV Bergheim. Nach der Verst\u00e4rkung zur R\u00fcckrunde durch Fabian Weber erhofft sich die &#8222;Erste&#8220; gegen den Tabellenf\u00fchrer um Spitzenspieler Uwe Peters eine bessere Leistung als im ersatzgeschw\u00e4chten Hinspiel. In Bestbesetzung erwartet unsere erste Herrenmannschaft in der <strong>Halle Heideschule, Neue Heide 25-27, 51147 K\u00f6ln-Porz<\/strong> bei belegten Br\u00f6tchen und Getr\u00e4nken eine tolle Atmosph\u00e4re und ein spannendes Spiel mit hochklassigen Spielpaarungen.<\/p>\n<p style=\"text-align: center;\"><strong>\u00dcber die lautstarke Unterst\u00fctzung und zahlreiche Zuschauer aus den eigenen Reihen w\u00fcrde sich unsere \u201eErste\u201c sehr freuen!!!!<\/strong><\/p>\n<table style=\"text-align: left; width: 601px;\" border=\"0\">\n<tbody>\n<tr>\n<td style=\"width: 150px;\"><strong>Herren:<\/strong><\/td>\n<td style=\"width: 200px;\"><\/td>\n<td style=\"width: 20px;\"><\/td>\n<td style=\"width: 250px;\"><\/td>\n<td style=\"width: 100px;\"><\/td>\n<td style=\"width: 80px;\"><\/td>\n<\/tr>\n<tr>\n<td style=\"width: 150px;\"><span><span>16.02.2013\/18:30<\/span><\/span><\/td>\n<td style=\"text-align: left; width: 200px;\"><a title=\"1. Herren\" href=\"http:\/\/www.ttf-wahn-grengel.de\/?page_id=282\" target=\"_blank\">TTF 1<\/a><\/td>\n<td style=\"width: 20px;\">&#8211;<\/td>\n<td style=\"text-align: left; width: 250px;\">TV Bergheim<\/td>\n<td style=\"width: 100px;\"><a href=\"http:\/\/wttv.click-tt.de\/cgi-bin\/WebObjects\/ClickWTTV.woa\/wa\/groupMeetingReport?meeting=5504521&amp;championship=B15+12%2F13&amp;group=178288\" target=\"_blank\"><span style=\"color: #ff0000;\"><strong>5:9<\/strong><\/span><\/a><\/td>\n<td style=\"width: 80px;\"><a title=\"Tabelle Bezirksklasse 5\" href=\"http:\/\/wttv.click-tt.de\/cgi-bin\/WebObjects\/ClickWTTV.woa\/wa\/groupPage?championship=B15+12%2F13&amp;group=178288\" target=\"_blank\">Tabelle<\/a><\/td>\n<\/tr>\n<tr>\n<td style=\"width: 150px;\"><span><span><span>16.02.2013\/18:30<\/span><\/span><\/span><\/td>\n<td style=\"text-align: left; width: 200px;\">TTVg. GW Porz-Eil 3<\/td>\n<td style=\"width: 20px;\">&#8211;<\/td>\n<td style=\"text-align: left; width: 250px;\"><a title=\"2. Herren\" href=\"http:\/\/www.ttf-wahn-grengel.de\/?page_id=283\" target=\"_blank\">TTF 2<\/a><\/td>\n<td style=\"width: 100px;\"><a href=\"http:\/\/wttv.click-tt.de\/cgi-bin\/WebObjects\/ClickWTTV.woa\/wa\/clubMeetingReport?meeting=6014569&amp;championship=K153+12%2F13&amp;club=8241&amp;group=178108\" target=\"_blank\"><span style=\"color: #00ff00;\"><strong>1:9<\/strong><\/span><\/a><\/td>\n<td style=\"width: 80px;\"><a title=\"Tabelle 2. Kreisklasse (S\u00fcd)\" href=\"http:\/\/wttv.click-tt.de\/cgi-bin\/WebObjects\/ClickWTTV.woa\/wa\/groupPage?championship=K153+12%2F13&amp;group=178108\" target=\"_blank\">Tabelle<\/a><\/td>\n<\/tr>\n<tr>\n<td style=\"width: 150px;\"><\/td>\n<td style=\"width: 200px;\"><\/td>\n<td style=\"width: 20px;\"><\/td>\n<td style=\"width: 250px;\"><\/td>\n<td style=\"width: 100px;\"><\/td>\n<td style=\"width: 80px;\"><\/td>\n<\/tr>\n<tr>\n<td style=\"width: 150px;\"><strong>Jungen:<\/strong><\/td>\n<td style=\"width: 200px;\"><\/td>\n<td style=\"width: 20px;\"><\/td>\n<td style=\"width: 250px;\"><\/td>\n<td style=\"width: 100px;\"><\/td>\n<td style=\"width: 80px;\"><\/td>\n<\/tr>\n<tr>\n<td style=\"width: 150px;\"><span>16.02.2013\/15:00<\/span><\/td>\n<td style=\"text-align: left; width: 200px;\"><a title=\"1. Jungen\" href=\"http:\/\/www.ttf-wahn-grengel.de\/?page_id=242\" target=\"_blank\">TTF 1<\/a><\/td>\n<td style=\"width: 20px;\">&#8211;<\/td>\n<td style=\"text-align: left; width: 250px;\">TV Dellbr\u00fcck<\/td>\n<td style=\"width: 100px;\"><a href=\"http:\/\/wttv.click-tt.de\/cgi-bin\/WebObjects\/ClickWTTV.woa\/wa\/clubMeetingReport?meeting=6214395&amp;championship=K153+12%2F13&amp;club=8241&amp;group=190226\" target=\"_blank\"><span style=\"color: #ff0000;\"><strong>4:6<\/strong><\/span><\/a><\/td>\n<td style=\"width: 80px;\"><a title=\"Tabelle Kreisliga\" href=\"http:\/\/wttv.click-tt.de\/cgi-bin\/WebObjects\/ClickWTTV.woa\/wa\/groupPage?championship=K153+12%2F13&amp;group=190226\" target=\"_blank\">Tabelle<\/a><\/td>\n<\/tr>\n<tr>\n<td style=\"width: 150px;\"><\/td>\n<td style=\"width: 200px;\"><\/td>\n<td style=\"width: 20px;\"><\/td>\n<td style=\"width: 250px;\"><\/td>\n<td style=\"width: 100px;\"><\/td>\n<td style=\"width: 80px;\"><\/td>\n<\/tr>\n<tr>\n<td style=\"width: 150px;\"><strong>Sch\u00fcler A:<\/strong><\/td>\n<td style=\"width: 200px;\"><\/td>\n<td style=\"width: 20px;\"><\/td>\n<td style=\"width: 250px;\"><\/td>\n<td style=\"width: 100px;\"><\/td>\n<td style=\"width: 80px;\"><\/td>\n<\/tr>\n<tr>\n<td style=\"width: 150px;\"><span style=\"color: #ff0000;\"><span style=\"color: #000000;\">16.02.2013\/<\/span><span style=\"color: #000000;\">13:00<\/span><\/span><\/td>\n<td style=\"text-align: left; width: 200px;\">TV Refrath 2<\/td>\n<td style=\"width: 20px;\">&#8211;<\/td>\n<td style=\"text-align: left; width: 250px;\"><a title=\"1. A-Sch\u00fcler\" href=\"http:\/\/www.ttf-wahn-grengel.de\/?page_id=243\" target=\"_blank\">TTF 1<\/a><\/td>\n<td style=\"width: 100px;\"><a href=\"http:\/\/wttv.click-tt.de\/cgi-bin\/WebObjects\/ClickWTTV.woa\/wa\/clubMeetingReport?meeting=6214542&amp;championship=K153+12%2F13&amp;club=8241&amp;group=190230\" target=\"_blank\"><span style=\"color: #ff0000;\"><strong>6:4<\/strong><\/span><\/a><\/td>\n<td style=\"width: 80px;\"><a title=\"Tabelle 1. Kreisklasse (Gruppe 1)\" href=\"http:\/\/wttv.click-tt.de\/cgi-bin\/WebObjects\/ClickWTTV.woa\/wa\/groupPage?championship=K153+12%2F13&amp;group=190230\" target=\"_blank\">Tabelle<\/a><\/td>\n<\/tr>\n<tr>\n<td style=\"width: 150px;\"><span style=\"color: #000000;\">16.02.2013\/15:00<\/span><\/td>\n<td style=\"text-align: left; width: 200px;\">Heiligenhauser SV 2<\/td>\n<td style=\"width: 20px;\">&#8211;<\/td>\n<td style=\"text-align: left; width: 250px;\"><a title=\"2. A-Sch\u00fcler\" href=\"http:\/\/www.ttf-wahn-grengel.de\/?page_id=384\" target=\"_blank\">TTF 2<\/a><\/td>\n<td style=\"width: 100px;\"><a href=\"http:\/\/wttv.click-tt.de\/cgi-bin\/WebObjects\/ClickWTTV.woa\/wa\/groupMeetingReport?meeting=6214554&amp;championship=K153+12%2F13&amp;group=190230\" target=\"_blank\"><span style=\"color: #ff0000;\"><strong>10:0<\/strong><\/span><\/a><\/td>\n<td style=\"width: 80px;\"><a title=\"Tabelle 1. Kreisklasse (Gruppe 1)\" href=\"http:\/\/wttv.click-tt.de\/cgi-bin\/WebObjects\/ClickWTTV.woa\/wa\/groupPage?championship=K153+12%2F13&amp;group=190230\" target=\"_blank\">Tabelle<\/a><\/td>\n<\/tr>\n<tr>\n<td style=\"width: 150px;\"><\/td>\n<td style=\"width: 200px;\"><\/td>\n<td style=\"width: 20px;\"><\/td>\n<td style=\"width: 250px;\"><\/td>\n<td style=\"width: 100px;\"><\/td>\n<td style=\"width: 80px;\"><\/td>\n<\/tr>\n<tr>\n<td style=\"width: 150px;\"><strong>Sch\u00fcler B:<\/strong><\/td>\n<td style=\"width: 200px;\"><\/td>\n<td style=\"width: 20px;\"><\/td>\n<td style=\"width: 250px;\"><\/td>\n<td style=\"width: 100px;\"><\/td>\n<td style=\"width: 80px;\"><\/td>\n<\/tr>\n<tr>\n<td style=\"width: 150px;\"><span style=\"color: #000000;\">16.02.2013\/spielfrei<\/span><\/td>\n<td style=\"text-align: left; width: 200px;\"><a title=\"1. B-Sch\u00fcler\" href=\"http:\/\/www.ttf-wahn-grengel.de\/?page_id=244\" target=\"_blank\">TTF 1<\/a><\/td>\n<td style=\"width: 20px;\">&#8211;<\/td>\n<td style=\"text-align: left; width: 250px;\">spielfrei<\/td>\n<td style=\"width: 100px;\"><strong>_:_<\/strong><\/td>\n<td style=\"width: 80px;\"><a title=\"Tabelle Kreisliga (Gruppe 1)\" href=\"http:\/\/wttv.click-tt.de\/cgi-bin\/WebObjects\/ClickWTTV.woa\/wa\/groupPage?championship=K153+12%2F13&amp;group=190232\" target=\"_blank\">Tabelle<\/a><\/td>\n<\/tr>\n<tr>\n<td style=\"width: 150px;\"><span>16.02.2013\/15:00<\/span><\/td>\n<td style=\"text-align: left; width: 200px;\">TTC B\u00e4rbroich<\/td>\n<td style=\"width: 20px;\">&#8211;<\/td>\n<td style=\"text-align: left; width: 250px;\"><a title=\"2. B-Sch\u00fcler\" href=\"http:\/\/www.ttf-wahn-grengel.de\/?page_id=285\" target=\"_blank\">TTF 2<\/a><\/td>\n<td style=\"width: 100px;\"><a href=\"http:\/\/wttv.click-tt.de\/cgi-bin\/WebObjects\/ClickWTTV.woa\/wa\/clubMeetingReport?meeting=6214643&amp;championship=K153+12%2F13&amp;club=8241&amp;group=190232\" target=\"_blank\"><span style=\"color: #ff0000;\"><strong>10:0<\/strong><\/span><\/a><\/td>\n<td style=\"width: 80px;\"><a title=\"Tabelle Kreisliga (Gruppe 1)\" href=\"http:\/\/wttv.click-tt.de\/cgi-bin\/WebObjects\/ClickWTTV.woa\/wa\/groupPage?championship=K153+12%2F13&amp;group=190232\" target=\"_blank\">Tabelle<\/a><\/td>\n<\/tr>\n<\/tbody>\n<\/table>\n","protected":false},"excerpt":{"rendered":"<p>Am kommenden Samstag, den 16.02.2013 um 18:30 Uhr, empf\u00e4ngt die erste Herrenmannschaft der Tischtennisfreunde aus Wahn-Grengel als direkter Verfolger den Tabellenf\u00fchrer der Bezirksklasse 5 vom TV Bergheim. Nach der Verst\u00e4rkung zur R\u00fcckrunde durch Fabian Weber erhofft sich die &#8222;Erste&#8220; gegen&#8230;<\/p>\n","protected":false},"author":3,"featured_media":0,"comment_status":"closed","ping_status":"closed","sticky":false,"template":"","format":"standard","meta":{"jetpack_post_was_ever_published":false,"_jetpack_newsletter_access":"","_jetpack_dont_email_post_to_subs":false,"_jetpack_newsletter_tier_id":0,"footnotes":"","jetpack_publicize_message":"","jetpack_publicize_feature_enabled":true,"jetpack_social_post_already_shared":false,"jetpack_social_options":{"image_generator_settings":{"template":"highway","enabled":false}}},"categories":[7],"tags":[],"class_list":["post-486","post","type-post","status-publish","format-standard","hentry","category-saison-20122013","no-post-thumbnail"],"jetpack_publicize_connections":[],"jetpack_featured_media_url":"","jetpack_shortlink":"https:\/\/wp.me\/p9jMO0-7Q","jetpack_sharing_enabled":true,"_links":{"self":[{"href":"https:\/\/www.ttf-wahn-grengel.de\/index.php?rest_route=\/wp\/v2\/posts\/486"}],"collection":[{"href":"https:\/\/www.ttf-wahn-grengel.de\/index.php?rest_route=\/wp\/v2\/posts"}],"about":[{"href":"https:\/\/www.ttf-wahn-grengel.de\/index.php?rest_route=\/wp\/v2\/types\/post"}],"author":[{"embeddable":true,"href":"https:\/\/www.ttf-wahn-grengel.de\/index.php?rest_route=\/wp\/v2\/users\/3"}],"replies":[{"embeddable":true,"href":"https:\/\/www.ttf-wahn-grengel.de\/index.php?rest_route=%2Fwp%2Fv2%2Fcomments&post=486"}],"version-history":[{"count":0,"href":"https:\/\/www.ttf-wahn-grengel.de\/index.php?rest_route=\/wp\/v2\/posts\/486\/revisions"}],"wp:attachment":[{"href":"https:\/\/www.ttf-wahn-grengel.de\/index.php?rest_route=%2Fwp%2Fv2%2Fmedia&parent=486"}],"wp:term":[{"taxonomy":"category","embeddable":true,"href":"https:\/\/www.ttf-wahn-grengel.de\/index.php?rest_route=%2Fwp%2Fv2%2Fcategories&post=486"},{"taxonomy":"post_tag","embeddable":true,"href":"https:\/\/www.ttf-wahn-grengel.de\/index.php?rest_route=%2Fwp%2Fv2%2Ftags&post=486"}],"curies":[{"name":"wp","href":"https:\/\/api.w.org\/{rel}","templated":true}]}}