{"id":488,"date":"2013-03-03T06:41:25","date_gmt":"2013-03-03T05:41:25","guid":{"rendered":"http:\/\/www.ttf-wahn-grengel.de\/?p=488"},"modified":"2015-08-21T15:25:23","modified_gmt":"2015-08-21T14:25:23","slug":"vorschau-auf-den-17-spieltag-0203032013","status":"publish","type":"post","link":"https:\/\/www.ttf-wahn-grengel.de\/?p=488","title":{"rendered":"TTF Wahn-Grengel 1 und 2 weiter auf Platz 2"},"content":{"rendered":"<table style=\"text-align: left; width: 601px;\" border=\"0\">\n<tbody>\n<tr>\n<td style=\"width: 150px;\"><strong>Herren:<\/strong><\/td>\n<td style=\"width: 200px;\"><\/td>\n<td style=\"width: 20px;\"><\/td>\n<td style=\"width: 250px;\"><\/td>\n<td style=\"width: 100px;\"><\/td>\n<td style=\"width: 80px;\"><\/td>\n<\/tr>\n<tr>\n<td style=\"width: 150px;\"><span><span>02.03.2013\/18:30<\/span><\/span><\/td>\n<td style=\"text-align: left; width: 200px;\"><a title=\"1. Herren\" href=\"http:\/\/www.ttf-wahn-grengel.de\/?page_id=282\" target=\"_blank\">TTF 1<\/a><\/td>\n<td style=\"width: 20px;\">&#8211;<\/td>\n<td style=\"text-align: left; width: 250px;\">SSF Bonn<\/td>\n<td style=\"width: 100px;\"><a href=\"http:\/\/wttv.click-tt.de\/cgi-bin\/WebObjects\/ClickWTTV.woa\/wa\/groupMeetingReport?meeting=5504520&amp;championship=B15+12%2F13&amp;group=178288\" target=\"_blank\"><span style=\"color: #00ff00;\"><strong>9:4<\/strong><\/span><\/a><\/td>\n<td style=\"width: 80px;\"><a title=\"Tabelle Bezirksklasse 5\" href=\"http:\/\/wttv.click-tt.de\/cgi-bin\/WebObjects\/ClickWTTV.woa\/wa\/groupPage?championship=B15+12%2F13&amp;group=178288\" target=\"_blank\">Tabelle<\/a><\/td>\n<\/tr>\n<tr>\n<td style=\"width: 150px;\"><span style=\"color: #ff0000;\"><span><span><span>25.02.2013\/19:30<\/span><\/span><\/span><\/span><\/td>\n<td style=\"text-align: left; width: 200px;\">TTC K\u00f6ln-Ostheim 2<\/td>\n<td style=\"width: 20px;\">&#8211;<\/td>\n<td style=\"text-align: left; width: 250px;\"><a title=\"2. Herren\" href=\"http:\/\/www.ttf-wahn-grengel.de\/?page_id=283\" target=\"_blank\">TTF 2<\/a><\/td>\n<td style=\"width: 100px;\"><a href=\"http:\/\/wttv.click-tt.de\/cgi-bin\/WebObjects\/ClickWTTV.woa\/wa\/groupMeetingReport?meeting=6014591&amp;championship=K153+12%2F13&amp;group=178108\" target=\"_blank\"><span style=\"color: #00ff00;\"><strong>7:9<\/strong><\/span><\/a><\/td>\n<td style=\"width: 80px;\"><a title=\"Tabelle 2. Kreisklasse (S\u00fcd)\" href=\"http:\/\/wttv.click-tt.de\/cgi-bin\/WebObjects\/ClickWTTV.woa\/wa\/groupPage?championship=K153+12%2F13&amp;group=178108\" target=\"_blank\">Tabelle<\/a><\/td>\n<\/tr>\n<tr>\n<td style=\"width: 150px;\"><\/td>\n<td style=\"width: 200px;\"><\/td>\n<td style=\"width: 20px;\"><\/td>\n<td style=\"width: 250px;\"><\/td>\n<td style=\"width: 100px;\"><\/td>\n<td style=\"width: 80px;\"><\/td>\n<\/tr>\n<tr>\n<td style=\"width: 150px;\"><strong>Jungen:<\/strong><\/td>\n<td style=\"width: 200px;\"><\/td>\n<td style=\"width: 20px;\"><\/td>\n<td style=\"width: 250px;\"><\/td>\n<td style=\"width: 100px;\"><\/td>\n<td style=\"width: 80px;\"><\/td>\n<\/tr>\n<tr>\n<td style=\"width: 150px;\"><span>02.03.2013\/13:00<\/span><\/td>\n<td style=\"text-align: left; width: 200px;\">Bergisch-Gladbach 2<\/td>\n<td style=\"width: 20px;\">&#8211;<\/td>\n<td style=\"text-align: left; width: 250px;\"><a title=\"1. Jungen\" href=\"http:\/\/www.ttf-wahn-grengel.de\/?page_id=242\" target=\"_blank\">TTF 1<\/a><\/td>\n<td style=\"width: 100px;\"><a href=\"http:\/\/wttv.click-tt.de\/cgi-bin\/WebObjects\/ClickWTTV.woa\/wa\/groupMeetingReport?meeting=6214372&amp;championship=K153+12%2F13&amp;group=190226\" target=\"_blank\"><span style=\"color: #00ff00;\"><strong>2:8<\/strong><\/span><\/a><\/td>\n<td style=\"width: 80px;\"><a title=\"Tabelle Kreisliga\" href=\"http:\/\/wttv.click-tt.de\/cgi-bin\/WebObjects\/ClickWTTV.woa\/wa\/groupPage?championship=K153+12%2F13&amp;group=190226\" target=\"_blank\">Tabelle<\/a><\/td>\n<\/tr>\n<tr>\n<td style=\"width: 150px;\"><\/td>\n<td style=\"width: 200px;\"><\/td>\n<td style=\"width: 20px;\"><\/td>\n<td style=\"width: 250px;\"><\/td>\n<td style=\"width: 100px;\"><\/td>\n<td style=\"width: 80px;\"><\/td>\n<\/tr>\n<tr>\n<td style=\"width: 150px;\"><strong>Sch\u00fcler A:<\/strong><\/td>\n<td style=\"width: 200px;\"><\/td>\n<td style=\"width: 20px;\"><\/td>\n<td style=\"width: 250px;\"><\/td>\n<td style=\"width: 100px;\"><\/td>\n<td style=\"width: 80px;\"><\/td>\n<\/tr>\n<tr>\n<td style=\"width: 150px;\"><span style=\"color: #ff0000;\"><span style=\"color: #000000;\">02.03.2013\/<\/span><span style=\"color: #000000;\">13:00<\/span><\/span><\/td>\n<td style=\"text-align: left; width: 200px;\"><a title=\"1. A-Sch\u00fcler\" href=\"http:\/\/www.ttf-wahn-grengel.de\/?page_id=243\" target=\"_blank\">TTF 1<\/a><\/td>\n<td style=\"width: 20px;\">&#8211;<\/td>\n<td style=\"text-align: left; width: 250px;\">SV Bergfried Leverkusen<\/td>\n<td style=\"width: 100px;\"><a href=\"http:\/\/wttv.click-tt.de\/cgi-bin\/WebObjects\/ClickWTTV.woa\/wa\/clubMeetingReport?meeting=6214538&amp;championship=K153+12%2F13&amp;club=8241&amp;group=190230\" target=\"_blank\"><span style=\"color: #00ff00;\"><strong>5:5<\/strong><\/span><\/a><\/td>\n<td style=\"width: 80px;\"><a title=\"Tabelle 1. Kreisklasse (Gruppe 1)\" href=\"http:\/\/wttv.click-tt.de\/cgi-bin\/WebObjects\/ClickWTTV.woa\/wa\/groupPage?championship=K153+12%2F13&amp;group=190230\" target=\"_blank\">Tabelle<\/a><\/td>\n<\/tr>\n<tr>\n<td style=\"width: 150px;\"><span style=\"color: #ff0000;\">14.03.2013\/<span>17:30<\/span><\/span><\/td>\n<td style=\"text-align: left; width: 200px;\">SV Neubr\u00fcck<\/td>\n<td style=\"width: 20px;\">&#8211;<\/td>\n<td style=\"text-align: left; width: 250px;\"><a title=\"2. A-Sch\u00fcler\" href=\"http:\/\/www.ttf-wahn-grengel.de\/?page_id=384\" target=\"_blank\">TTF 2<\/a><\/td>\n<td style=\"width: 100px;\"><a href=\"http:\/\/wttv.click-tt.de\/cgi-bin\/WebObjects\/ClickWTTV.woa\/wa\/groupMeetingReport?meeting=6214557&amp;championship=K153+12%2F13&amp;group=190230\" target=\"_blank\"><span style=\"color: #00ff00;\"><strong>4:6<\/strong><\/span><\/a><\/td>\n<td style=\"width: 80px;\"><a title=\"Tabelle 1. Kreisklasse (Gruppe 1)\" href=\"http:\/\/wttv.click-tt.de\/cgi-bin\/WebObjects\/ClickWTTV.woa\/wa\/groupPage?championship=K153+12%2F13&amp;group=190230\" target=\"_blank\">Tabelle<\/a><\/td>\n<\/tr>\n<tr>\n<td style=\"width: 150px;\"><\/td>\n<td style=\"width: 200px;\"><\/td>\n<td style=\"width: 20px;\"><\/td>\n<td style=\"width: 250px;\"><\/td>\n<td style=\"width: 100px;\"><\/td>\n<td style=\"width: 80px;\"><\/td>\n<\/tr>\n<tr>\n<td style=\"width: 150px;\"><strong>Sch\u00fcler B:<\/strong><\/td>\n<td style=\"width: 200px;\"><\/td>\n<td style=\"width: 20px;\"><\/td>\n<td style=\"width: 250px;\"><\/td>\n<td style=\"width: 100px;\"><\/td>\n<td style=\"width: 80px;\"><\/td>\n<\/tr>\n<tr>\n<td style=\"width: 150px;\"><span style=\"color: #000000;\">02.03.2013\/15:00<\/span><\/td>\n<td style=\"text-align: left; width: 200px;\">Heiligenhauser SV<\/td>\n<td style=\"width: 20px;\">&#8211;<\/td>\n<td style=\"text-align: left; width: 250px;\"><a title=\"1. B-Sch\u00fcler\" href=\"http:\/\/www.ttf-wahn-grengel.de\/?page_id=244\" target=\"_blank\">TTF 1<\/a><\/td>\n<td style=\"width: 100px;\"><a href=\"http:\/\/wttv.click-tt.de\/cgi-bin\/WebObjects\/ClickWTTV.woa\/wa\/clubMeetingReport?meeting=6214650&amp;championship=K153+12%2F13&amp;club=8241&amp;group=190232\" target=\"_blank\"><span style=\"color: #00ff00;\"><strong>1:9<\/strong><\/span><\/a><\/td>\n<td style=\"width: 80px;\"><a title=\"Tabelle Kreisliga (Gruppe 1)\" href=\"http:\/\/wttv.click-tt.de\/cgi-bin\/WebObjects\/ClickWTTV.woa\/wa\/groupPage?championship=K153+12%2F13&amp;group=190232\" target=\"_blank\">Tabelle<\/a><\/td>\n<\/tr>\n<tr>\n<td style=\"width: 150px;\"><span>02.03.2013\/13:00<\/span><\/td>\n<td style=\"text-align: left; width: 200px;\"><a title=\"2. B-Sch\u00fcler\" href=\"http:\/\/www.ttf-wahn-grengel.de\/?page_id=285\" target=\"_blank\">TTF 2<\/a><\/td>\n<td style=\"width: 20px;\">&#8211;<\/td>\n<td style=\"text-align: left; width: 250px;\">TuS Roland B\u00fcrrig<\/td>\n<td style=\"width: 100px;\"><a href=\"http:\/\/wttv.click-tt.de\/cgi-bin\/WebObjects\/ClickWTTV.woa\/wa\/clubMeetingReport?meeting=6214653&amp;championship=K153+12%2F13&amp;club=8241&amp;group=190232\" target=\"_blank\"><span style=\"color: #ff0000;\"><strong>1:9<\/strong><\/span><\/a><\/td>\n<td style=\"width: 80px;\"><a title=\"Tabelle Kreisliga (Gruppe 1)\" href=\"http:\/\/wttv.click-tt.de\/cgi-bin\/WebObjects\/ClickWTTV.woa\/wa\/groupPage?championship=K153+12%2F13&amp;group=190232\" target=\"_blank\">Tabelle<\/a><\/td>\n<\/tr>\n<\/tbody>\n<\/table>\n<p>Am vergangenen Samstag gastierte mit dem SSF Bonn der Tabellenvierte in der Halle der Heideschule. Ersatzgeschw\u00e4cht und ohne die Topspieler Tobi und Fabi Weber erwarteten die Tischtennisfreunde einen knappen und spannenden Spielverlauf.<br \/>\nErstaunlich schnell lagen die Tischtennisfreunde nach den Doppeln mit 3:0 in F\u00fchrung und lediglich Boris Reiss und Christoph Weber taten sich gegen das Doppel 2 der Bonner schwer, konnten aber den entscheidenden Satz mit 11:7 f\u00fcr sich entscheiden.<\/p>\n<p>Auch die Einzelpartien des ersten Durchgangs konnten die Tischtennisfreunde f\u00fcr sich entscheiden. Lediglich Boris und Pascal hatten gegen ihre Gegner leichte Startschwierigkeiten und fanden gegen ihre Gegner kein Rezept. Frank, Christoph, Varol und Mario bauten den Vorsprung auf eine beruhigende 7:2-F\u00fchrung f\u00fcr die Tischtennisfreunde aus.<br \/>\nGegen den nicht unschlagbaren Christian Hacker musste sich nun auch Frank Boden, der sich zur Zeit in gl\u00e4nzender Form befindet, in der zweiten Runde geschlagen geben. Auch Boris war der Trainingsr\u00fcckstand in den vergangenen Wochen anzumerken und unterlag Jan Gilge in vier S\u00e4tzen. Christoph und Pascal sorgten f\u00fcr die noch fehlenden Punkte zum Sieg.<\/p>\n<p>Am kommenden Freitag bekommen es die Tischtennisfreunde mit der Fortuna aus Bonn zutun, bevor die Erste im letzten Heimspiel vor den Ferien die zweite Mannschaft vom TTC Troisdorf empf\u00e4ngt.<\/p>\n","protected":false},"excerpt":{"rendered":"<p>Herren: 02.03.2013\/18:30 TTF 1 &#8211; SSF Bonn 9:4 Tabelle 25.02.2013\/19:30 TTC K\u00f6ln-Ostheim 2 &#8211; TTF 2 7:9 Tabelle Jungen: 02.03.2013\/13:00 Bergisch-Gladbach 2 &#8211; TTF 1 2:8 Tabelle Sch\u00fcler A: 02.03.2013\/13:00 TTF 1 &#8211; SV Bergfried Leverkusen 5:5 Tabelle 14.03.2013\/17:30 SV&#8230;<\/p>\n","protected":false},"author":3,"featured_media":0,"comment_status":"closed","ping_status":"closed","sticky":false,"template":"","format":"standard","meta":{"jetpack_post_was_ever_published":false,"_jetpack_newsletter_access":"","_jetpack_dont_email_post_to_subs":false,"_jetpack_newsletter_tier_id":0,"footnotes":"","jetpack_publicize_message":"","jetpack_publicize_feature_enabled":true,"jetpack_social_post_already_shared":false,"jetpack_social_options":{"image_generator_settings":{"template":"highway","enabled":false}}},"categories":[7],"tags":[],"class_list":["post-488","post","type-post","status-publish","format-standard","hentry","category-saison-20122013","no-post-thumbnail"],"jetpack_publicize_connections":[],"jetpack_featured_media_url":"","jetpack_shortlink":"https:\/\/wp.me\/p9jMO0-7S","jetpack_sharing_enabled":true,"_links":{"self":[{"href":"https:\/\/www.ttf-wahn-grengel.de\/index.php?rest_route=\/wp\/v2\/posts\/488"}],"collection":[{"href":"https:\/\/www.ttf-wahn-grengel.de\/index.php?rest_route=\/wp\/v2\/posts"}],"about":[{"href":"https:\/\/www.ttf-wahn-grengel.de\/index.php?rest_route=\/wp\/v2\/types\/post"}],"author":[{"embeddable":true,"href":"https:\/\/www.ttf-wahn-grengel.de\/index.php?rest_route=\/wp\/v2\/users\/3"}],"replies":[{"embeddable":true,"href":"https:\/\/www.ttf-wahn-grengel.de\/index.php?rest_route=%2Fwp%2Fv2%2Fcomments&post=488"}],"version-history":[{"count":0,"href":"https:\/\/www.ttf-wahn-grengel.de\/index.php?rest_route=\/wp\/v2\/posts\/488\/revisions"}],"wp:attachment":[{"href":"https:\/\/www.ttf-wahn-grengel.de\/index.php?rest_route=%2Fwp%2Fv2%2Fmedia&parent=488"}],"wp:term":[{"taxonomy":"category","embeddable":true,"href":"https:\/\/www.ttf-wahn-grengel.de\/index.php?rest_route=%2Fwp%2Fv2%2Fcategories&post=488"},{"taxonomy":"post_tag","embeddable":true,"href":"https:\/\/www.ttf-wahn-grengel.de\/index.php?rest_route=%2Fwp%2Fv2%2Ftags&post=488"}],"curies":[{"name":"wp","href":"https:\/\/api.w.org\/{rel}","templated":true}]}}