{"id":490,"date":"2013-03-10T10:37:16","date_gmt":"2013-03-10T09:37:16","guid":{"rendered":"http:\/\/www.ttf-wahn-grengel.de\/?p=490"},"modified":"2015-08-21T15:25:07","modified_gmt":"2015-08-21T14:25:07","slug":"vorschau-auf-den-18-spieltag-910032013","status":"publish","type":"post","link":"https:\/\/www.ttf-wahn-grengel.de\/?p=490","title":{"rendered":"Ergebnisse des 18. Spieltags"},"content":{"rendered":"<p>Am gestrigen Dienstag reagierten die Tischtennisfreunde aus Wahn-Grengel beim Training spontan auf den ersten Fr\u00fchlingstag und nutzten das gro\u00dfartige Wetter, um den hitzigen Ballwechseln am Tisch, hei\u00dfe Tatsachen auf dem Teller in Form von gegrillten W\u00fcrstchen folgen zu lassen.<\/p>\n<table style=\"float: left;\" border=\"0\" width=\"200\" align=\"left\">\n<tbody>\n<tr>\n<td><a href=\"http:\/\/www.ttf-wahn-grengel.de\/wp-content\/uploads\/2013\/03\/grillen.jpg\" target=\"_blank\"><img loading=\"lazy\" decoding=\"async\" class=\"alignnone size-full wp-image-473\" title=\"1. Herren\" src=\"http:\/\/www.ttf-wahn-grengel.de\/wp-content\/uploads\/2013\/03\/grillen.jpg\" alt=\"\" width=\"320\" height=\"240\" \/><\/a><\/td>\n<\/tr>\n<tr>\n<td style=\"text-align: center;\">\n<p style=\"text-align: left;\"><em>linkes Bild: v.l.n.r.: Frank, Mario, Pascal, Christoph und Varol<br \/>\n<\/em><\/p>\n<p style=\"text-align: left;\"><em>rechtes Bild: Frank beim Spiel mit dem Feuer<\/em><\/p>\n<\/td>\n<\/tr>\n<\/tbody>\n<\/table>\n<table style=\"height: 355px;\" border=\"0\" width=\"265\">\n<tbody>\n<tr>\n<td><\/td>\n<td><a href=\"http:\/\/www.ttf-wahn-grengel.de\/wp-content\/uploads\/2013\/03\/grillen1.jpg\" target=\"_blank\"><img loading=\"lazy\" decoding=\"async\" class=\"alignright\" style=\"float: right;\" src=\"http:\/\/www.ttf-wahn-grengel.de\/wp-content\/uploads\/2013\/03\/grillen1.jpg\" alt=\"\" width=\"243\" height=\"326\" \/><\/a><\/td>\n<td><\/td>\n<\/tr>\n<\/tbody>\n<\/table>\n<p>Am kommenden Wochenende hofft die Erste auf weitere Punkte beim Spiel gegen die Fortuna aus Bonn. Dann spielen die Tischtennisfreunde wieder mit unseren beiden f\u00fcr kurze Zeit nach Malaga gereisten Spitzenspielern Tobi und Fabi, welche die Gr\u00fc\u00dfe vom abendlichen &#8222;Grill-Training&#8220; mit gro\u00dfer Begeisterung empfingen.<\/p>\n<table border=\"0\">\n<tbody><\/tbody>\n<\/table>\n<table style=\"text-align: left; width: 601px;\" border=\"0\">\n<tbody>\n<tr>\n<td style=\"width: 150px;\"><strong>Herren:<\/strong><\/td>\n<td style=\"width: 200px;\"><\/td>\n<td style=\"width: 20px;\"><\/td>\n<td style=\"width: 250px;\"><\/td>\n<td style=\"width: 100px;\"><\/td>\n<td style=\"width: 80px;\"><\/td>\n<\/tr>\n<tr>\n<td style=\"width: 150px;\"><span><span>08.03.2013\/20:00<\/span><\/span><\/td>\n<td style=\"text-align: left; width: 200px;\">SC Fortuna Bonn 2<\/td>\n<td style=\"width: 20px;\">&#8211;<\/td>\n<td style=\"text-align: left; width: 250px;\"><a title=\"1. Herren\" href=\"http:\/\/www.ttf-wahn-grengel.de\/?page_id=282\" target=\"_blank\">TTF 1<\/a><\/td>\n<td style=\"width: 100px;\"><a href=\"http:\/\/wttv.click-tt.de\/cgi-bin\/WebObjects\/ClickWTTV.woa\/wa\/groupMeetingReport?meeting=5504480&amp;championship=B15+12%2F13&amp;group=178288\" target=\"_blank\"><span style=\"color: #00ff00;\"><strong>2:9<\/strong><\/span><\/a><\/td>\n<td style=\"width: 80px;\"><a title=\"Tabelle Bezirksklasse 5\" href=\"http:\/\/wttv.click-tt.de\/cgi-bin\/WebObjects\/ClickWTTV.woa\/wa\/groupPage?championship=B15+12%2F13&amp;group=178288\" target=\"_blank\">Tabelle<\/a><\/td>\n<\/tr>\n<tr>\n<td style=\"width: 150px;\"><span><span><span><span>09.03.2013\/18:30<\/span><\/span><\/span><\/span><\/td>\n<td style=\"text-align: left; width: 200px;\"><a title=\"2. Herren\" href=\"http:\/\/www.ttf-wahn-grengel.de\/?page_id=283\" target=\"_blank\">TTF 2<\/a><\/td>\n<td style=\"width: 20px;\">&#8211;<\/td>\n<td style=\"text-align: left; width: 250px;\">TTC RG Porz 4<\/td>\n<td style=\"width: 100px;\"><a href=\"http:\/\/wttv.click-tt.de\/cgi-bin\/WebObjects\/ClickWTTV.woa\/wa\/groupMeetingReport?meeting=6014595&amp;championship=K153+12%2F13&amp;group=178108\" target=\"_blank\"><span style=\"color: #ff0000;\"><strong>2:9<\/strong><\/span><\/a><\/td>\n<td style=\"width: 80px;\"><a title=\"Tabelle 2. Kreisklasse (S\u00fcd)\" href=\"http:\/\/wttv.click-tt.de\/cgi-bin\/WebObjects\/ClickWTTV.woa\/wa\/groupPage?championship=K153+12%2F13&amp;group=178108\" target=\"_blank\">Tabelle<\/a><\/td>\n<\/tr>\n<tr>\n<td style=\"width: 150px;\"><\/td>\n<td style=\"width: 200px;\"><\/td>\n<td style=\"width: 20px;\"><\/td>\n<td style=\"width: 250px;\"><\/td>\n<td style=\"width: 100px;\"><\/td>\n<td style=\"width: 80px;\"><\/td>\n<\/tr>\n<tr>\n<td style=\"width: 150px;\"><strong>Jungen:<\/strong><\/td>\n<td style=\"width: 200px;\"><\/td>\n<td style=\"width: 20px;\"><\/td>\n<td style=\"width: 250px;\"><\/td>\n<td style=\"width: 100px;\"><\/td>\n<td style=\"width: 80px;\"><\/td>\n<\/tr>\n<tr>\n<td style=\"width: 150px;\"><span>09.03.2013\/15:00<\/span><\/td>\n<td style=\"text-align: left; width: 200px;\"><a title=\"1. Jungen\" href=\"http:\/\/www.ttf-wahn-grengel.de\/?page_id=242\" target=\"_blank\">TTF 1<\/a><\/td>\n<td style=\"width: 20px;\">&#8211;<\/td>\n<td style=\"text-align: left; width: 250px;\">TuS Roland B\u00fcrrig<\/td>\n<td style=\"width: 100px;\"><a href=\"http:\/\/wttv.click-tt.de\/cgi-bin\/WebObjects\/ClickWTTV.woa\/wa\/groupMeetingReport?meeting=6214387&amp;championship=K153+12%2F13&amp;group=190226\" target=\"_blank\"><span style=\"color: #00ff00;\"><strong>5:5<\/strong><\/span><\/a><\/td>\n<td style=\"width: 80px;\"><a title=\"Tabelle Kreisliga\" href=\"http:\/\/wttv.click-tt.de\/cgi-bin\/WebObjects\/ClickWTTV.woa\/wa\/groupPage?championship=K153+12%2F13&amp;group=190226\" target=\"_blank\">Tabelle<\/a><\/td>\n<\/tr>\n<tr>\n<td style=\"width: 150px;\"><\/td>\n<td style=\"width: 200px;\"><\/td>\n<td style=\"width: 20px;\"><\/td>\n<td style=\"width: 250px;\"><\/td>\n<td style=\"width: 100px;\"><\/td>\n<td style=\"width: 80px;\"><\/td>\n<\/tr>\n<tr>\n<td style=\"width: 150px;\"><strong>Sch\u00fcler A:<\/strong><\/td>\n<td style=\"width: 200px;\"><\/td>\n<td style=\"width: 20px;\"><\/td>\n<td style=\"width: 250px;\"><\/td>\n<td style=\"width: 100px;\"><\/td>\n<td style=\"width: 80px;\"><\/td>\n<\/tr>\n<tr>\n<td style=\"width: 150px;\"><span style=\"color: #ff0000;\"><span>15.03.2013\/<\/span><span>18:00<\/span><\/span><\/td>\n<td style=\"text-align: left; width: 200px;\">TuS Roland B\u00fcrrig 2<\/td>\n<td style=\"width: 20px;\">&#8211;<\/td>\n<td style=\"text-align: left; width: 250px;\"><a title=\"1. A-Sch\u00fcler\" href=\"http:\/\/www.ttf-wahn-grengel.de\/?page_id=243\" target=\"_blank\">TTF 1<\/a><\/td>\n<td style=\"width: 100px;\"><a href=\"http:\/\/wttv.click-tt.de\/cgi-bin\/WebObjects\/ClickWTTV.woa\/wa\/groupMeetingReport?meeting=6214525&amp;championship=K153+12%2F13&amp;group=190230\" target=\"_blank\"><span style=\"color: #ff0000;\"><strong>6:4<\/strong><\/span><\/a><\/td>\n<td style=\"width: 80px;\"><a title=\"Tabelle 1. Kreisklasse (Gruppe 1)\" href=\"http:\/\/wttv.click-tt.de\/cgi-bin\/WebObjects\/ClickWTTV.woa\/wa\/groupPage?championship=K153+12%2F13&amp;group=190230\" target=\"_blank\">Tabelle<\/a><\/td>\n<\/tr>\n<tr>\n<td style=\"width: 150px;\"><span style=\"color: #000000;\">09.03.2013\/<span>13:00<\/span><\/span><\/td>\n<td style=\"text-align: left; width: 200px;\"><a title=\"2. A-Sch\u00fcler\" href=\"http:\/\/www.ttf-wahn-grengel.de\/?page_id=384\" target=\"_blank\">TTF 2<\/a><\/td>\n<td style=\"width: 20px;\">&#8211;<\/td>\n<td style=\"text-align: left; width: 250px;\">TV Dellbr\u00fcck 3<\/td>\n<td style=\"width: 100px;\"><a href=\"http:\/\/wttv.click-tt.de\/cgi-bin\/WebObjects\/ClickWTTV.woa\/wa\/clubMeetingReport?meeting=6214546&amp;championship=K153+12%2F13&amp;club=8241&amp;group=190230\" target=\"_blank\"><span style=\"color: #ff0000;\"><strong>2:8<\/strong><\/span><\/a><\/td>\n<td style=\"width: 80px;\"><a title=\"Tabelle 1. Kreisklasse (Gruppe 1)\" href=\"http:\/\/wttv.click-tt.de\/cgi-bin\/WebObjects\/ClickWTTV.woa\/wa\/groupPage?championship=K153+12%2F13&amp;group=190230\" target=\"_blank\">Tabelle<\/a><\/td>\n<\/tr>\n<tr>\n<td style=\"width: 150px;\"><\/td>\n<td style=\"width: 200px;\"><\/td>\n<td style=\"width: 20px;\"><\/td>\n<td style=\"width: 250px;\"><\/td>\n<td style=\"width: 100px;\"><\/td>\n<td style=\"width: 80px;\"><\/td>\n<\/tr>\n<tr>\n<td style=\"width: 150px;\"><strong>Sch\u00fcler B:<\/strong><\/td>\n<td style=\"width: 200px;\"><\/td>\n<td style=\"width: 20px;\"><\/td>\n<td style=\"width: 250px;\"><\/td>\n<td style=\"width: 100px;\"><\/td>\n<td style=\"width: 80px;\"><\/td>\n<\/tr>\n<tr>\n<td style=\"width: 150px;\"><span style=\"color: #000000;\">09.03.2013\/15:00<\/span><\/td>\n<td style=\"text-align: left; width: 200px;\"><a title=\"1. B-Sch\u00fcler\" href=\"http:\/\/www.ttf-wahn-grengel.de\/?page_id=244\" target=\"_blank\">TTF 1<\/a><\/td>\n<td style=\"width: 20px;\">&#8211;<\/td>\n<td style=\"text-align: left; width: 250px;\">SV Frielingsdorf<\/td>\n<td style=\"width: 100px;\"><a href=\"http:\/\/wttv.click-tt.de\/cgi-bin\/WebObjects\/ClickWTTV.woa\/wa\/clubMeetingReport?meeting=6214641&amp;championship=K153+12%2F13&amp;club=8241&amp;group=190232\" target=\"_blank\"><span style=\"color: #00ff00;\"><strong>6:4<\/strong><\/span><\/a><\/td>\n<td style=\"width: 80px;\"><a title=\"Tabelle Kreisliga (Gruppe 1)\" href=\"http:\/\/wttv.click-tt.de\/cgi-bin\/WebObjects\/ClickWTTV.woa\/wa\/groupPage?championship=K153+12%2F13&amp;group=190232\" target=\"_blank\">Tabelle<\/a><\/td>\n<\/tr>\n<tr>\n<td style=\"width: 150px;\"><span>09.03.2013\/spielfrei<\/span><\/td>\n<td style=\"text-align: left; width: 200px;\">spielfrei<\/td>\n<td style=\"width: 20px;\">&#8211;<\/td>\n<td style=\"text-align: left; width: 250px;\"><a title=\"2. B-Sch\u00fcler\" href=\"http:\/\/www.ttf-wahn-grengel.de\/?page_id=285\" target=\"_blank\">TTF 2<\/a><\/td>\n<td style=\"width: 100px;\"><strong>_:_<\/strong><\/td>\n<td style=\"width: 80px;\"><a title=\"Tabelle Kreisliga (Gruppe 1)\" href=\"http:\/\/wttv.click-tt.de\/cgi-bin\/WebObjects\/ClickWTTV.woa\/wa\/groupPage?championship=K153+12%2F13&amp;group=190232\" target=\"_blank\">Tabelle<\/a><\/td>\n<\/tr>\n<\/tbody>\n<\/table>\n","protected":false},"excerpt":{"rendered":"<p>Am gestrigen Dienstag reagierten die Tischtennisfreunde aus Wahn-Grengel beim Training spontan auf den ersten Fr\u00fchlingstag und nutzten das gro\u00dfartige Wetter, um den hitzigen Ballwechseln am Tisch, hei\u00dfe Tatsachen auf dem Teller in Form von gegrillten W\u00fcrstchen folgen zu lassen. linkes&#8230;<\/p>\n","protected":false},"author":3,"featured_media":0,"comment_status":"closed","ping_status":"closed","sticky":false,"template":"","format":"standard","meta":{"jetpack_post_was_ever_published":false,"_jetpack_newsletter_access":"","_jetpack_dont_email_post_to_subs":false,"_jetpack_newsletter_tier_id":0,"footnotes":"","jetpack_publicize_message":"","jetpack_publicize_feature_enabled":true,"jetpack_social_post_already_shared":false,"jetpack_social_options":{"image_generator_settings":{"template":"highway","enabled":false}}},"categories":[7],"tags":[],"class_list":["post-490","post","type-post","status-publish","format-standard","hentry","category-saison-20122013","no-post-thumbnail"],"jetpack_publicize_connections":[],"jetpack_featured_media_url":"","jetpack_shortlink":"https:\/\/wp.me\/p9jMO0-7U","jetpack_sharing_enabled":true,"_links":{"self":[{"href":"https:\/\/www.ttf-wahn-grengel.de\/index.php?rest_route=\/wp\/v2\/posts\/490"}],"collection":[{"href":"https:\/\/www.ttf-wahn-grengel.de\/index.php?rest_route=\/wp\/v2\/posts"}],"about":[{"href":"https:\/\/www.ttf-wahn-grengel.de\/index.php?rest_route=\/wp\/v2\/types\/post"}],"author":[{"embeddable":true,"href":"https:\/\/www.ttf-wahn-grengel.de\/index.php?rest_route=\/wp\/v2\/users\/3"}],"replies":[{"embeddable":true,"href":"https:\/\/www.ttf-wahn-grengel.de\/index.php?rest_route=%2Fwp%2Fv2%2Fcomments&post=490"}],"version-history":[{"count":0,"href":"https:\/\/www.ttf-wahn-grengel.de\/index.php?rest_route=\/wp\/v2\/posts\/490\/revisions"}],"wp:attachment":[{"href":"https:\/\/www.ttf-wahn-grengel.de\/index.php?rest_route=%2Fwp%2Fv2%2Fmedia&parent=490"}],"wp:term":[{"taxonomy":"category","embeddable":true,"href":"https:\/\/www.ttf-wahn-grengel.de\/index.php?rest_route=%2Fwp%2Fv2%2Fcategories&post=490"},{"taxonomy":"post_tag","embeddable":true,"href":"https:\/\/www.ttf-wahn-grengel.de\/index.php?rest_route=%2Fwp%2Fv2%2Ftags&post=490"}],"curies":[{"name":"wp","href":"https:\/\/api.w.org\/{rel}","templated":true}]}}