{"id":802,"date":"2016-03-12T14:11:42","date_gmt":"2016-03-12T13:11:42","guid":{"rendered":"http:\/\/www.ttf-wahn-grengel.de\/?p=802"},"modified":"2016-04-07T06:56:12","modified_gmt":"2016-04-07T05:56:12","slug":"vorschau-auf-den-19-spieltag-11-13032016","status":"publish","type":"post","link":"https:\/\/www.ttf-wahn-grengel.de\/?p=802","title":{"rendered":"Meisterschaftsfeier l\u00e4sst weiter auf sich warten"},"content":{"rendered":"<table style=\"float: left;\" border=\"0\" width=\"200\" align=\"left\">\n<tbody>\n<tr>\n<td><a href=\"http:\/\/www.ttf-wahn-grengel.de\/wp-content\/uploads\/2016\/03\/mario_friesdorf_ruck_15_16.jpg\" target=\"_blank\"><img loading=\"lazy\" decoding=\"async\" src=\"http:\/\/www.ttf-wahn-grengel.de\/wp-content\/uploads\/2016\/03\/mario_friesdorf_ruck_15_16.jpg\" alt=\"\" width=\"340\" height=\"191\" \/><\/a><\/td>\n<\/tr>\n<tr>\n<td style=\"text-align: center;\"><em><em>Mario (rechts) beim Ehrenpunkt f\u00fcr die Tischtennisfreunde im Spiel gegen Hans-Josef Moog<\/em> <\/em><\/td>\n<\/tr>\n<\/tbody>\n<\/table>\n<p>Am gestrigen Freitagabend empfingen die Tischtennisfreunde aus Wahn-Grengel die DJK BW Friesdorf. Die Erste aus Wahn musste erneut auf Fabi und Tobi Weber verzichten, weshalb Christoph Weber und Bj\u00f6rn Scheffers in das obere Paarkreuz r\u00fcckten, Igor Nagel und Markus Kleine sich im mittleren Paarkreuz behaupten mussten und die ins Team ger\u00fcckten Mario M\u00fcller und Daniel Mertens hatten es mit dem unteren Paarkreuz der G\u00e4ste zu tun.<\/p>\n<p>Dass der Abend so schnell vorbei sein w\u00fcrde, damit h\u00e4tten die Tischtennisfreunde nicht gerechnet. Dass es ohne Tobi und Fabi schwer werden w\u00fcrde, war nat\u00fcrlich allen bewusst. Dass man der Stabilit\u00e4t der G\u00e4ste allerdings nichts entgegenzusetzen hatte, \u00fcberraschte auch die anwesenden Zuschauer.<\/p>\n<p>Igor Nagel und Markus Kleine schlugen sich in ihrem Doppel gegen Schall und Tuschling noch beachtlich, wohingegen Bj\u00f6rn an der Seite von Daniel und Mario mit Mannschaftsf\u00fchrer Christoph ihren Gegnern kaum Gegenwehr bieten konnten (0:3).<\/p>\n<p>Bj\u00f6rn und Christoph verloren ihre Spiele im ersten Einzeldurchgang relativ deutlich, bevor sich Igor und Markus trotz zwischenzeitlicher Satzf\u00fchrungen nur knapp im f\u00fcnften Satz geschlagen geben mussten (0:7).<\/p>\n<table style=\"float: right;\" border=\"0\" width=\"200\" align=\"left\">\n<tbody>\n<tr>\n<td><a href=\"http:\/\/www.ttf-wahn-grengel.de\/wp-content\/uploads\/2016\/03\/markus_friesdorf_ruck_15_16.jpg\" target=\"_blank\"><img loading=\"lazy\" decoding=\"async\" src=\"http:\/\/www.ttf-wahn-grengel.de\/wp-content\/uploads\/2016\/03\/markus_friesdorf_ruck_15_16.jpg\" alt=\"\" width=\"340\" height=\"191\" \/><\/a><\/td>\n<\/tr>\n<tr>\n<td style=\"text-align: center;\"><em><em>Markus (rechts) bei seiner knappen Niederlage gegen Roland Schall<\/em> <\/em><\/td>\n<\/tr>\n<\/tbody>\n<\/table>\n<p>Mario steuerte an diesem Abend den Ehrenpunkt f\u00fcr die Tischtennisfreunde bei, indem er gegen Hans-Josef Moog kaum M\u00fche zu haben schien und den ersten und einzigen Punkt f\u00fcr die Erste an diesem Abend erspielte. Daniel hingegen merkte man seinen Trainingsr\u00fcckstand an, als er trotz gut herausgespielter Ballwechsel sein Match gegen Peter Tillmann zum vorentscheidenden 1:8 abgeben musste.<\/p>\n<p>Im Spitzenspiel des Abends bekam es Bj\u00f6rn mit Uli Rome zu tun. Leider hatte Bj\u00f6rn trotz gewonnenem dritten Satz im Vierten nichts mehr hinzuzusetzen und besiegelte die deutliche Niederlage der Tischtennisfreunde zum 1:9.<\/p>\n<p>Trotz der herben Niederlage zeigten sich die Spieler zuversichtlich, im n\u00e4chsten Spiel nach den Osterferien gegen den Tabellenletzten aus Waldbr\u00f6l den Aufstieg zu besiegeln und hatten mit dem Geburtstag von Igor dennoch einen gutem Grund, nach dem Spiel den einen oder anderen Korken zusammen mit den sympathischen G\u00e4sten aus Friesdorf knallen zu lassen.<\/p>\n<table style=\"text-align: left; width: 601px;\" border=\"0\">\n<tbody>\n<tr>\n<td style=\"width: 150px;\"><strong>Herren:<\/strong><\/td>\n<td style=\"width: 200px;\"><\/td>\n<td style=\"width: 20px;\"><\/td>\n<td style=\"width: 250px;\"><\/td>\n<td style=\"width: 100px;\"><\/td>\n<td style=\"width: 80px;\"><\/td>\n<\/tr>\n<tr>\n<td style=\"width: 150px;\"><span><span><span><span><span><span>11.03.2016\/19:30<\/span><\/span><\/span><\/span><\/span><\/span><\/td>\n<td style=\"text-align: left; width: 200px;\"><a title=\"1. Herren\" href=\"http:\/\/www.ttf-wahn-grengel.de\/?page_id=282\" target=\"_blank\">TTF 1<\/a><\/td>\n<td style=\"width: 20px;\">&#8211;<\/td>\n<td style=\"text-align: left; width: 250px;\">DJK BW Friesdorf<\/td>\n<td style=\"width: 100px;\"><a href=\"http:\/\/wttv.click-tt.de\/cgi-bin\/WebObjects\/nuLigaTTDE.woa\/wa\/groupMeetingReport?meeting=8056289&amp;championship=Mittelrhein+15%2F16&amp;group=249747\" target=\"_blank\"><span style=\"color: #ff0000;\"><strong>1:9<\/strong><\/span><\/a><\/td>\n<td style=\"width: 80px;\"><a title=\"Tabelle Bezirksliga 3\" href=\"http:\/\/wttv.click-tt.de\/cgi-bin\/WebObjects\/nuLigaTTDE.woa\/wa\/groupPage?championship=Mittelrhein+15%2F16&amp;group=249747\" target=\"_blank\">Tabelle<\/a><\/td>\n<\/tr>\n<tr>\n<td style=\"width: 150px;\"><span><span><span><span><span><span><span><span>12.03.2016\/18:30<\/span><\/span><\/span><\/span><\/span><\/span><\/span><\/span><\/td>\n<td style=\"text-align: left; width: 200px;\">TV Voiswinkel<\/td>\n<td style=\"width: 20px;\">&#8211;<\/td>\n<td style=\"text-align: left; width: 250px;\"><a title=\"2. Herren\" href=\"http:\/\/www.ttf-wahn-grengel.de\/?page_id=283\" target=\"_blank\">TTF 2<\/a><\/td>\n<td style=\"width: 100px;\"><a href=\"http:\/\/wttv.click-tt.de\/cgi-bin\/WebObjects\/nuLigaTTDE.woa\/wa\/groupMeetingReport?meeting=8307964&amp;championship=K%C3%B6ln+rechtsrh.+15%2F16&amp;group=249996\" target=\"_blank\"><span style=\"color: #00ff00;\"><strong>2:9<\/strong><\/span><\/a><\/td>\n<td style=\"width: 80px;\"><a title=\"Tabelle 1. Kreisklasse S\u00fcd\" href=\"http:\/\/wttv.click-tt.de\/cgi-bin\/WebObjects\/nuLigaTTDE.woa\/wa\/groupPage?championship=K%C3%B6ln+rechtsrh.+15%2F16&amp;group=249996\" target=\"_blank\">Tabelle<\/a><\/td>\n<\/tr>\n<tr>\n<td style=\"width: 150px;\"><span><span><span><span><span><span><span><span>12.03.2016\/spielfrei<\/span><\/span><\/span><\/span><\/span><\/span><\/span><\/span><\/td>\n<td style=\"text-align: left; width: 200px;\"><a title=\"3. Herren\" href=\"http:\/\/www.ttf-wahn-grengel.de\/?page_id=283\" target=\"_blank\">TTF 3<\/a><\/td>\n<td style=\"width: 20px;\">&#8211;<\/td>\n<td style=\"text-align: left; width: 250px;\">spielfrei<\/td>\n<td style=\"width: 100px;\"><strong>_:_<\/strong><\/td>\n<td style=\"width: 80px;\"><a title=\"Tabelle 2. Kreisklasse S\u00fcd\" href=\"http:\/\/wttv.click-tt.de\/cgi-bin\/WebObjects\/nuLigaTTDE.woa\/wa\/groupPage?championship=K%C3%B6ln+rechtsrh.+15%2F16&amp;group=249998\" target=\"_blank\">Tabelle<\/a><\/td>\n<\/tr>\n<tr>\n<td style=\"width: 150px;\"><\/td>\n<td style=\"width: 200px;\"><\/td>\n<td style=\"width: 20px;\"><\/td>\n<td style=\"width: 250px;\"><\/td>\n<td style=\"width: 100px;\"><\/td>\n<td style=\"width: 80px;\"><\/td>\n<\/tr>\n<tr>\n<td style=\"width: 150px;\"><strong>Sch\u00fcler A:<\/strong><\/td>\n<td style=\"width: 200px;\"><\/td>\n<td style=\"width: 20px;\"><\/td>\n<td style=\"width: 250px;\"><\/td>\n<td style=\"width: 100px;\"><\/td>\n<td style=\"width: 80px;\"><\/td>\n<\/tr>\n<tr>\n<td style=\"width: 150px;\"><span><span><span><span><span><span>12.03.2016\/15:30<\/span><\/span><\/span><\/span><\/span><\/span><\/td>\n<td style=\"text-align: left; width: 200px;\"><a title=\"1. A-Sch\u00fcler\" href=\"http:\/\/www.ttf-wahn-grengel.de\/?page_id=243\" target=\"_blank\">TTF 1<\/a><\/td>\n<td style=\"width: 20px;\">&#8211;<\/td>\n<td style=\"text-align: left; width: 250px;\">TV Refrath 3<\/td>\n<td style=\"width: 100px;\"><a href=\"http:\/\/wttv.click-tt.de\/cgi-bin\/WebObjects\/nuLigaTTDE.woa\/wa\/clubMeetingReport?meeting=8752585&amp;championship=K%C3%B6ln+rechtsrh.+15%2F16&amp;club=8241&amp;group=260991\" target=\"_blank\"><span style=\"color: #ff0000;\"><strong>1:9<\/strong><\/span><\/a><\/td>\n<td style=\"width: 80px;\"><a title=\"Tabelle 1. Kreisklasse (R\u00fcckrunde)\" href=\"http:\/\/wttv.click-tt.de\/cgi-bin\/WebObjects\/nuLigaTTDE.woa\/wa\/groupPage?championship=K%C3%B6ln+rechtsrh.+15%2F16&amp;group=260991\" target=\"_blank\">Tabelle<\/a><\/td>\n<\/tr>\n<tr>\n<td style=\"width: 150px;\"><\/td>\n<td style=\"width: 200px;\"><\/td>\n<td style=\"width: 20px;\"><\/td>\n<td style=\"width: 250px;\"><\/td>\n<td style=\"width: 100px;\"><\/td>\n<td style=\"width: 80px;\"><\/td>\n<\/tr>\n<tr>\n<td style=\"width: 150px;\"><strong>Sch\u00fcler B:<\/strong><\/td>\n<td style=\"width: 200px;\"><\/td>\n<td style=\"width: 20px;\"><\/td>\n<td style=\"width: 250px;\"><\/td>\n<td style=\"width: 100px;\"><\/td>\n<td style=\"width: 80px;\"><\/td>\n<\/tr>\n<tr>\n<td style=\"width: 150px;\"><span><span><span><span><span>12.03.2016\/13:00<\/span><\/span><\/span><\/span><\/span><\/td>\n<td style=\"text-align: left; width: 200px;\"><a title=\"1. B-Sch\u00fcler\" href=\"http:\/\/www.ttf-wahn-grengel.de\/?page_id=244\" target=\"_blank\">TTF 1<\/a><\/td>\n<td style=\"width: 20px;\">&#8211;<\/td>\n<td style=\"text-align: left; width: 250px;\">TV Refrath<\/td>\n<td style=\"width: 100px;\"><a href=\"http:\/\/wttv.click-tt.de\/cgi-bin\/WebObjects\/nuLigaTTDE.woa\/wa\/clubMeetingReport?meeting=8733244&amp;championship=K%C3%B6ln+rechtsrh.+15%2F16&amp;club=8241&amp;group=260993\" target=\"_blank\"><span style=\"color: #ff0000;\"><strong>0:10<\/strong><\/span><\/a><\/td>\n<td style=\"width: 80px;\"><a title=\"Tabelle Kreisliga (R\u00fcckrunde)\" href=\"http:\/\/wttv.click-tt.de\/cgi-bin\/WebObjects\/nuLigaTTDE.woa\/wa\/groupPage?championship=K%C3%B6ln+rechtsrh.+15%2F16&amp;group=260993\" target=\"_blank\">Tabelle<\/a><\/td>\n<\/tr>\n<\/tbody>\n<\/table>\n","protected":false},"excerpt":{"rendered":"<p>Mario (rechts) beim Ehrenpunkt f\u00fcr die Tischtennisfreunde im Spiel gegen Hans-Josef Moog Am gestrigen Freitagabend empfingen die Tischtennisfreunde aus Wahn-Grengel die DJK BW Friesdorf. Die Erste aus Wahn musste erneut auf Fabi und Tobi Weber verzichten, weshalb Christoph Weber und&#8230;<\/p>\n","protected":false},"author":3,"featured_media":0,"comment_status":"closed","ping_status":"closed","sticky":false,"template":"","format":"standard","meta":{"jetpack_post_was_ever_published":false,"_jetpack_newsletter_access":"","_jetpack_dont_email_post_to_subs":false,"_jetpack_newsletter_tier_id":0,"footnotes":"","jetpack_publicize_message":"","jetpack_publicize_feature_enabled":true,"jetpack_social_post_already_shared":false,"jetpack_social_options":{"image_generator_settings":{"template":"highway","enabled":false}}},"categories":[12],"tags":[],"class_list":["post-802","post","type-post","status-publish","format-standard","hentry","category-saison-20152016","no-post-thumbnail"],"jetpack_publicize_connections":[],"jetpack_featured_media_url":"","jetpack_shortlink":"https:\/\/wp.me\/p9jMO0-cW","jetpack_sharing_enabled":true,"_links":{"self":[{"href":"https:\/\/www.ttf-wahn-grengel.de\/index.php?rest_route=\/wp\/v2\/posts\/802"}],"collection":[{"href":"https:\/\/www.ttf-wahn-grengel.de\/index.php?rest_route=\/wp\/v2\/posts"}],"about":[{"href":"https:\/\/www.ttf-wahn-grengel.de\/index.php?rest_route=\/wp\/v2\/types\/post"}],"author":[{"embeddable":true,"href":"https:\/\/www.ttf-wahn-grengel.de\/index.php?rest_route=\/wp\/v2\/users\/3"}],"replies":[{"embeddable":true,"href":"https:\/\/www.ttf-wahn-grengel.de\/index.php?rest_route=%2Fwp%2Fv2%2Fcomments&post=802"}],"version-history":[{"count":0,"href":"https:\/\/www.ttf-wahn-grengel.de\/index.php?rest_route=\/wp\/v2\/posts\/802\/revisions"}],"wp:attachment":[{"href":"https:\/\/www.ttf-wahn-grengel.de\/index.php?rest_route=%2Fwp%2Fv2%2Fmedia&parent=802"}],"wp:term":[{"taxonomy":"category","embeddable":true,"href":"https:\/\/www.ttf-wahn-grengel.de\/index.php?rest_route=%2Fwp%2Fv2%2Fcategories&post=802"},{"taxonomy":"post_tag","embeddable":true,"href":"https:\/\/www.ttf-wahn-grengel.de\/index.php?rest_route=%2Fwp%2Fv2%2Ftags&post=802"}],"curies":[{"name":"wp","href":"https:\/\/api.w.org\/{rel}","templated":true}]}}