{"id":821,"date":"2016-09-04T11:19:44","date_gmt":"2016-09-04T10:19:44","guid":{"rendered":"http:\/\/www.ttf-wahn-grengel.de\/?p=821"},"modified":"2016-09-04T20:44:06","modified_gmt":"2016-09-04T19:44:06","slug":"saisonstart-fur-die-tischtennisfreunde","status":"publish","type":"post","link":"https:\/\/www.ttf-wahn-grengel.de\/?p=821","title":{"rendered":"Erwartungsgem\u00e4\u00dfer Saisonstart f\u00fcr die Tischtennisfreunde"},"content":{"rendered":"<table style=\"float: right;\" border=\"0\" width=\"200\" align=\"left\">\n<tbody>\n<tr>\n<td><a href=\"http:\/\/www.ttf-wahn-grengel.de\/wp-content\/uploads\/2016\/09\/doppel_hennef_hin_16_17.jpg\" target=\"_blank\"><img loading=\"lazy\" decoding=\"async\" src=\"http:\/\/www.ttf-wahn-grengel.de\/wp-content\/uploads\/2016\/09\/doppel_hennef_hin_16_17.jpg\" alt=\"\" width=\"340\" height=\"191\" \/><\/a><\/td>\n<\/tr>\n<tr>\n<td style=\"text-align: center;\"><em><em>Volle Halle beim ersten Spiel der Herren in der Landesliga<\/em> <\/em><\/td>\n<\/tr>\n<\/tbody>\n<\/table>\n<p>Nach einer langen Sommerpause und einer kurzen Zeit der Vorbereitung, starteten am vergangenen Wochenende die Tischtennisfreunde aus Wahn-Grengel in die neue Saison 2016\/2017.<\/p>\n<p>Wegen der Sanierung des Heimspiellokals und einer Veranstaltung in der Ausweichhalle, mussten die Tischtennisfreunde in die Halle im Grengel ausweichen. Ohne Fabi Weber und Mario M\u00fcller, daf\u00fcr aber mit Pascal Rieboldt und Varol Emir, waren die Erwartungen im ersten Spiel der Landesliga gegen Aufstiegskandidat TTC DJK Hennef entsprechend klein.<\/p>\n<p>Trotz des schnellen 0:3-R\u00fcckstandes nach den Doppeln pr\u00e4sentierten sich einige Spieler der Tischtennisfreunde in guter Fr\u00fchform.<\/p>\n<p>Tobi Weber unterlag Matthias H\u00fcttemann trotz deutlichem Trainingsr\u00fcckstand knapp im f\u00fcnften Satz und auch Igor Nagel zeigte bei seiner 5-Satz-Niederlage gegen Marco Vester eine tolle Leistung.<\/p>\n<table style=\"float: left;\" border=\"0\" width=\"200\" align=\"left\">\n<tbody>\n<tr>\n<td><a href=\"http:\/\/www.ttf-wahn-grengel.de\/wp-content\/uploads\/2016\/09\/2_herren_16_171.jpg\" target=\"_blank\"><img loading=\"lazy\" decoding=\"async\" src=\"http:\/\/www.ttf-wahn-grengel.de\/wp-content\/uploads\/2016\/09\/2_herren_16_171.jpg\" alt=\"\" width=\"340\" height=\"255\" \/><\/a><\/td>\n<\/tr>\n<tr>\n<td style=\"text-align: center;\"><em><em>Die Zweite mit Varol, Hans, Boris, Pascal, Joachim und Daniel (v.l.n.r.) <\/em> <\/em><\/td>\n<\/tr>\n<\/tbody>\n<\/table>\n<p>Bj\u00f6rn Kant verlor sein erstes Einzel gegen Stefan R\u00f6ssel, wobei sein Sieg im vorgezogenen Match gegen Dorian H\u00fcttemann sp\u00e4ter nicht mehr z\u00e4hlen sollte.<\/p>\n<p>Die zwei einzigen Punkte f\u00fcr die Erste erspielten an diesem Abend die Edeljoker Pascal Rieboldt und Varol Emir, die damit die starke Reserve der Ersten unter Beweis stellten.<\/p>\n<p>Die Tischtennisfreunde haben nun zwei Wochen Zeit, um sich f\u00fcr die wichtigen Spiele im Kampf um den Klassenerhalt vorzubereiten.<\/p>\n<p>Die Zweite der Tischtennisfreunde gewann hingegen ihr erstes Spiel in der Kreisliga gegen die f\u00fcnfte Mannschaft vom TV Dellbr\u00fcck deutlich mit 9:2 und legte damit eine gute Basis f\u00fcr die kommenden Spiele.<\/p>\n<table style=\"text-align: left; width: 601px;\" border=\"0\">\n<tbody>\n<tr>\n<td style=\"width: 150px;\"><strong>Herren:<\/strong><\/td>\n<td style=\"width: 200px;\"><\/td>\n<td style=\"width: 20px;\"><\/td>\n<td style=\"width: 250px;\"><\/td>\n<td style=\"width: 100px;\"><\/td>\n<td style=\"width: 80px;\"><\/td>\n<\/tr>\n<tr>\n<td style=\"width: 150px;\"><span style=\"color: #ff0000;\"><span>02.09.2016\/19:30<\/span><\/span><\/td>\n<td style=\"text-align: left; width: 200px;\"><a title=\"1. Herren\" href=\"http:\/\/www.ttf-wahn-grengel.de\/?page_id=282\" target=\"_blank\">TTF 1<\/a><\/td>\n<td style=\"width: 20px;\">&#8211;<\/td>\n<td style=\"text-align: left; width: 250px;\">TTC DJK Hennef<\/td>\n<td style=\"width: 100px;\"><a href=\"http:\/\/wttv.click-tt.de\/cgi-bin\/WebObjects\/nuLigaTTDE.woa\/wa\/groupMeetingReport?meeting=9061083&amp;championship=WTTV+16%2F17&amp;group=275618\" target=\"_blank\"><span style=\"color: #ff0000;\"><strong>2:9<\/strong><\/span><\/a><\/td>\n<td style=\"width: 80px;\"><a title=\"Tabelle Landesliga 12\" href=\"http:\/\/wttv.click-tt.de\/cgi-bin\/WebObjects\/nuLigaTTDE.woa\/wa\/groupPage?championship=WTTV+16%2F17&amp;group=275618\" target=\"_blank\">Tabelle<\/a><\/td>\n<\/tr>\n<tr>\n<td style=\"width: 150px;\"><span>03.09.2016\/18:30<\/span><\/td>\n<td style=\"text-align: left; width: 200px;\">TV Dellbr\u00fcck 5<\/td>\n<td style=\"width: 20px;\">&#8211;<\/td>\n<td style=\"text-align: left; width: 250px;\"><a title=\"2. Herren\" href=\"http:\/\/www.ttf-wahn-grengel.de\/?page_id=283\" target=\"_blank\">TTF 2<\/a><\/td>\n<td style=\"width: 100px;\"><a href=\"http:\/\/wttv.click-tt.de\/cgi-bin\/WebObjects\/nuLigaTTDE.woa\/wa\/groupMeetingReport?meeting=9061083&amp;championship=WTTV+16%2F17&amp;group=275618\" target=\"_blank\"><span style=\"color: #00ff00;\"><strong>2:9<\/strong><\/span><\/a><\/td>\n<td style=\"width: 80px;\"><a title=\"Tabelle Kreisliga\" href=\"http:\/\/wttv.click-tt.de\/cgi-bin\/WebObjects\/nuLigaTTDE.woa\/wa\/groupPage?championship=K%C3%B6ln+rechtsrh.+16%2F17&amp;group=275154\" target=\"_blank\">Tabelle<\/a><\/td>\n<\/tr>\n<tr>\n<td style=\"width: 150px;\"><\/td>\n<td style=\"width: 200px;\"><\/td>\n<td style=\"width: 20px;\"><\/td>\n<td style=\"width: 250px;\"><\/td>\n<td style=\"width: 100px;\"><\/td>\n<td style=\"width: 80px;\"><\/td>\n<\/tr>\n<tr>\n<td style=\"width: 150px;\"><strong>Sch\u00fcler A:<\/strong><\/td>\n<td style=\"width: 200px;\"><\/td>\n<td style=\"width: 20px;\"><\/td>\n<td style=\"width: 250px;\"><\/td>\n<td style=\"width: 100px;\"><\/td>\n<td style=\"width: 80px;\"><\/td>\n<\/tr>\n<tr>\n<td style=\"width: 150px;\"><span><span><span><span><span><span>03.09.2016\/13:00<\/span><\/span><\/span><\/span><\/span><\/span><\/td>\n<td style=\"text-align: left; width: 200px;\"><a title=\"1. A-Sch\u00fcler\" href=\"http:\/\/www.ttf-wahn-grengel.de\/?page_id=243\" target=\"_blank\">TTF 1<\/a><\/td>\n<td style=\"width: 20px;\">&#8211;<\/td>\n<td style=\"text-align: left; width: 250px;\">TTV Bergisch-Gladbach<\/td>\n<td style=\"width: 100px;\"><a href=\"http:\/\/wttv.click-tt.de\/cgi-bin\/WebObjects\/nuLigaTTDE.woa\/wa\/groupMeetingReport?meeting=9365906&amp;championship=K%C3%B6ln+rechtsrh.+16%2F17&amp;group=275228\" target=\"_blank\"><span style=\"color: #00ff00;\"><strong>6:4<\/strong><\/span><\/a><\/td>\n<td style=\"width: 80px;\"><a title=\"Tabelle 1. Kreisklasse 1 (Hinrunde)\" href=\"http:\/\/wttv.click-tt.de\/cgi-bin\/WebObjects\/nuLigaTTDE.woa\/wa\/groupPage?championship=K%C3%B6ln+rechtsrh.+16%2F17&amp;group=275228\" target=\"_blank\">Tabelle<\/a><\/td>\n<\/tr>\n<tr>\n<td style=\"width: 150px;\"><\/td>\n<td style=\"width: 200px;\"><\/td>\n<td style=\"width: 20px;\"><\/td>\n<td style=\"width: 250px;\"><\/td>\n<td style=\"width: 100px;\"><\/td>\n<td style=\"width: 80px;\"><\/td>\n<\/tr>\n<\/tbody>\n<\/table>\n","protected":false},"excerpt":{"rendered":"<p>Volle Halle beim ersten Spiel der Herren in der Landesliga Nach einer langen Sommerpause und einer kurzen Zeit der Vorbereitung, starteten am vergangenen Wochenende die Tischtennisfreunde aus Wahn-Grengel in die neue Saison 2016\/2017. Wegen der Sanierung des Heimspiellokals und einer&#8230;<\/p>\n","protected":false},"author":3,"featured_media":0,"comment_status":"closed","ping_status":"closed","sticky":false,"template":"","format":"standard","meta":{"jetpack_post_was_ever_published":false,"_jetpack_newsletter_access":"","_jetpack_dont_email_post_to_subs":false,"_jetpack_newsletter_tier_id":0,"footnotes":"","jetpack_publicize_message":"","jetpack_publicize_feature_enabled":true,"jetpack_social_post_already_shared":false,"jetpack_social_options":{"image_generator_settings":{"template":"highway","enabled":false}}},"categories":[13],"tags":[],"class_list":["post-821","post","type-post","status-publish","format-standard","hentry","category-saison-20162017","no-post-thumbnail"],"jetpack_publicize_connections":[],"jetpack_featured_media_url":"","jetpack_shortlink":"https:\/\/wp.me\/p9jMO0-df","jetpack_sharing_enabled":true,"_links":{"self":[{"href":"https:\/\/www.ttf-wahn-grengel.de\/index.php?rest_route=\/wp\/v2\/posts\/821"}],"collection":[{"href":"https:\/\/www.ttf-wahn-grengel.de\/index.php?rest_route=\/wp\/v2\/posts"}],"about":[{"href":"https:\/\/www.ttf-wahn-grengel.de\/index.php?rest_route=\/wp\/v2\/types\/post"}],"author":[{"embeddable":true,"href":"https:\/\/www.ttf-wahn-grengel.de\/index.php?rest_route=\/wp\/v2\/users\/3"}],"replies":[{"embeddable":true,"href":"https:\/\/www.ttf-wahn-grengel.de\/index.php?rest_route=%2Fwp%2Fv2%2Fcomments&post=821"}],"version-history":[{"count":0,"href":"https:\/\/www.ttf-wahn-grengel.de\/index.php?rest_route=\/wp\/v2\/posts\/821\/revisions"}],"wp:attachment":[{"href":"https:\/\/www.ttf-wahn-grengel.de\/index.php?rest_route=%2Fwp%2Fv2%2Fmedia&parent=821"}],"wp:term":[{"taxonomy":"category","embeddable":true,"href":"https:\/\/www.ttf-wahn-grengel.de\/index.php?rest_route=%2Fwp%2Fv2%2Fcategories&post=821"},{"taxonomy":"post_tag","embeddable":true,"href":"https:\/\/www.ttf-wahn-grengel.de\/index.php?rest_route=%2Fwp%2Fv2%2Ftags&post=821"}],"curies":[{"name":"wp","href":"https:\/\/api.w.org\/{rel}","templated":true}]}}