{"id":827,"date":"2016-09-18T15:21:57","date_gmt":"2016-09-18T14:21:57","guid":{"rendered":"http:\/\/www.ttf-wahn-grengel.de\/?p=827"},"modified":"2016-11-18T23:26:21","modified_gmt":"2016-11-18T22:26:21","slug":"vorschau-auf-den-2-spieltag-16-18092016","status":"publish","type":"post","link":"https:\/\/www.ttf-wahn-grengel.de\/?p=827","title":{"rendered":"Ergebnisse des 2. Spieltags"},"content":{"rendered":"<table style=\"float: left;\" border=\"0\" width=\"200\" align=\"left\">\n<tbody>\n<tr>\n<td><a href=\"http:\/\/www.ttf-wahn-grengel.de\/wp-content\/uploads\/2016\/09\/1_herren_hurth_16_17_hin.jpg\" target=\"_blank\"><img loading=\"lazy\" decoding=\"async\" src=\"http:\/\/www.ttf-wahn-grengel.de\/wp-content\/uploads\/2016\/09\/1_herren_hurth_16_17_hin.jpg\" alt=\"\" width=\"340\" height=\"191\" \/><\/a><\/td>\n<\/tr>\n<tr>\n<td style=\"text-align: center;\"><em><em>Tobi und Bj\u00f6rn (l.) hatten gegen Arif Bogaj und Thomas Woldert trotz zwischenzeitlichem Satzausgleich in den S\u00e4tzen drei und vier keine Chance und mussten sich ihren Gegnern geschlagen geben.<\/em> <\/em><\/td>\n<\/tr>\n<\/tbody>\n<\/table>\n<p>Mit einem Sieg und einer Niederlage viel das vergangene Wochenende f\u00fcr die Tischtennisfreunde sehr unterschiedlich aus. W\u00e4hrend die Erste erwartungsgem\u00e4\u00df gegen den TTV DJK H\u00fcrth unterlegen war, best\u00e4tigte die zweite Herrenmannschaft der Tischtennisfreunde aus Wahn-Grengel gegen Ommerborn Sand ihre aktuell gute Form.<br \/>\nWenn auch in der H\u00f6he etwas \u00fcberraschend, so ging die Niederlage der Mannschaft um Mannschaftsf\u00fchrer Christoph Weber gegen den Mitaufstiegskandidaten aus H\u00fcrth v\u00f6llig in Ordnung. Lediglich f\u00fcnf S\u00e4tze konnten die Tischtennisfreunde verbuchen, wobei in dem einen oder anderen Spiel auch ein Punkt m\u00f6glich gewesen w\u00e4re.<\/p>\n<table style=\"float: right;\" border=\"0\" width=\"200\" align=\"left\">\n<tbody>\n<tr>\n<td><a href=\"http:\/\/www.ttf-wahn-grengel.de\/wp-content\/uploads\/2016\/09\/2_herren_sand_16_17_hin.jpg\" target=\"_blank\"><img loading=\"lazy\" decoding=\"async\" src=\"http:\/\/www.ttf-wahn-grengel.de\/wp-content\/uploads\/2016\/09\/2_herren_sand_16_17_hin.jpg\" alt=\"\" width=\"340\" height=\"191\" \/><\/a><\/td>\n<\/tr>\n<tr>\n<td style=\"text-align: center;\"><em><em>Die Zweite war erfolgreicher und setzte sich gegen Ommerborn Sand trotz ungewohnter Umgebung deutlich durch.<\/em> <\/em><\/td>\n<\/tr>\n<\/tbody>\n<\/table>\n<p>Der Blick der Ersten richtet sich nach vorne, wenn am kommenden Dienstag mit der zweiten Mannschaft der Tischtennisgemeinschaft aus Niederkassel ein erster ernst zu nehmeneder Gegner im Kampf um den Verbleib in der Landesliga auf die Tischtennisfreunde wartet. Sicher gilt der Gastgeber als favourisiert, k\u00f6nnte allerdings den einen oder anderen Punkt liegen lassen.<br \/>\nF\u00fcr die Zweite lief es am vergangenen Samstag deutlich besser. Mit dem 9:2- Sieg gegen den Tabellenletzten aus Sand schob sich die Mannschaft um Mannschaftssprecher Varol Emir an die Tabellenspitze der Kreisliga und freut sich auf das kommende Ausw\u00e4rtsspiel gegen die SV Frielingsdorf.<\/p>\n<table style=\"text-align: left; width: 601px;\" border=\"0\">\n<tbody>\n<tr>\n<td style=\"width: 150px;\"><strong>Herren:<\/strong><\/td>\n<td style=\"width: 200px;\"><\/td>\n<td style=\"width: 20px;\"><\/td>\n<td style=\"width: 250px;\"><\/td>\n<td style=\"width: 100px;\"><\/td>\n<td style=\"width: 80px;\"><\/td>\n<\/tr>\n<tr>\n<td style=\"width: 150px;\"><span><span>17.09.2016\/18:30<\/span><\/span><\/td>\n<td style=\"text-align: left; width: 200px;\"><a title=\"1. Herren\" href=\"http:\/\/www.ttf-wahn-grengel.de\/?page_id=282\" target=\"_blank\">TTF 1<\/a><\/td>\n<td style=\"width: 20px;\">&#8211;<\/td>\n<td style=\"text-align: left; width: 250px;\">TTV DJK H\u00fcrth<\/td>\n<td style=\"width: 100px;\"><a href=\"http:\/\/wttv.click-tt.de\/cgi-bin\/WebObjects\/nuLigaTTDE.woa\/wa\/clubMeetingReport?meeting=9061062&amp;championship=WTTV+16%2F17&amp;club=8241&amp;group=275618\" target=\"_blank\"><span style=\"color: #ff0000;\"><strong>0:9<\/strong><\/span><\/a><\/td>\n<td style=\"width: 80px;\"><a title=\"Tabelle Landesliga 12\" href=\"http:\/\/wttv.click-tt.de\/cgi-bin\/WebObjects\/nuLigaTTDE.woa\/wa\/groupPage?championship=WTTV+16%2F17&amp;group=275618\" target=\"_blank\">Tabelle<\/a><\/td>\n<\/tr>\n<tr>\n<td style=\"width: 150px;\"><span>17.09.2016\/18:30<\/span><\/td>\n<td style=\"text-align: left; width: 200px;\"><a title=\"2. Herren\" href=\"http:\/\/www.ttf-wahn-grengel.de\/?page_id=283\" target=\"_blank\">TTF 2<\/a><\/td>\n<td style=\"width: 20px;\">&#8211;<\/td>\n<td style=\"text-align: left; width: 250px;\">DJK SSV Ommerborn Sand<\/td>\n<td style=\"width: 100px;\"><a href=\"http:\/\/wttv.click-tt.de\/cgi-bin\/WebObjects\/nuLigaTTDE.woa\/wa\/clubMeetingReport?meeting=9507712&amp;championship=K%C3%B6ln+rechtsrh.+16%2F17&amp;club=8241&amp;group=275154\" target=\"_blank\"><span style=\"color: #00ff00;\"><strong>9:2<\/strong><\/span><\/a><\/td>\n<td style=\"width: 80px;\"><a title=\"Tabelle Kreisliga\" href=\"http:\/\/wttv.click-tt.de\/cgi-bin\/WebObjects\/nuLigaTTDE.woa\/wa\/groupPage?championship=K%C3%B6ln+rechtsrh.+16%2F17&amp;group=275154\" target=\"_blank\">Tabelle<\/a><\/td>\n<\/tr>\n<tr>\n<td style=\"width: 150px;\"><\/td>\n<td style=\"width: 200px;\"><\/td>\n<td style=\"width: 20px;\"><\/td>\n<td style=\"width: 250px;\"><\/td>\n<td style=\"width: 100px;\"><\/td>\n<td style=\"width: 80px;\"><\/td>\n<\/tr>\n<tr>\n<td style=\"width: 150px;\"><strong>Sch\u00fcler A:<\/strong><\/td>\n<td style=\"width: 200px;\"><\/td>\n<td style=\"width: 20px;\"><\/td>\n<td style=\"width: 250px;\"><\/td>\n<td style=\"width: 100px;\"><\/td>\n<td style=\"width: 80px;\"><\/td>\n<\/tr>\n<tr>\n<td style=\"width: 150px;\"><span><span><span><span><span><span>17.09.2016\/spielfrei<\/span><\/span><\/span><\/span><\/span><\/span><\/td>\n<td style=\"text-align: left; width: 200px;\"><a title=\"1. A-Sch\u00fcler\" href=\"http:\/\/www.ttf-wahn-grengel.de\/?page_id=243\" target=\"_blank\">TTF 1<\/a><\/td>\n<td style=\"width: 20px;\">&#8211;<\/td>\n<td style=\"text-align: left; width: 250px;\">spielfrei<\/td>\n<td style=\"width: 100px;\"><strong>_:_<\/strong><\/td>\n<td style=\"width: 80px;\"><a title=\"Tabelle 1. Kreisklasse 1 (Hinrunde)\" href=\"http:\/\/wttv.click-tt.de\/cgi-bin\/WebObjects\/nuLigaTTDE.woa\/wa\/groupPage?championship=K%C3%B6ln+rechtsrh.+16%2F17&amp;group=275228\" target=\"_blank\">Tabelle<\/a><\/td>\n<\/tr>\n<tr>\n<td style=\"width: 150px;\"><\/td>\n<td style=\"width: 200px;\"><\/td>\n<td style=\"width: 20px;\"><\/td>\n<td style=\"width: 250px;\"><\/td>\n<td style=\"width: 100px;\"><\/td>\n<td style=\"width: 80px;\"><\/td>\n<\/tr>\n<\/tbody>\n<\/table>\n","protected":false},"excerpt":{"rendered":"<p>Tobi und Bj\u00f6rn (l.) hatten gegen Arif Bogaj und Thomas Woldert trotz zwischenzeitlichem Satzausgleich in den S\u00e4tzen drei und vier keine Chance und mussten sich ihren Gegnern geschlagen geben. Mit einem Sieg und einer Niederlage viel das vergangene Wochenende f\u00fcr&#8230;<\/p>\n","protected":false},"author":3,"featured_media":0,"comment_status":"closed","ping_status":"closed","sticky":false,"template":"","format":"standard","meta":{"jetpack_post_was_ever_published":false,"_jetpack_newsletter_access":"","_jetpack_dont_email_post_to_subs":false,"_jetpack_newsletter_tier_id":0,"footnotes":"","jetpack_publicize_message":"","jetpack_publicize_feature_enabled":true,"jetpack_social_post_already_shared":false,"jetpack_social_options":{"image_generator_settings":{"template":"highway","enabled":false}}},"categories":[13],"tags":[],"class_list":["post-827","post","type-post","status-publish","format-standard","hentry","category-saison-20162017","no-post-thumbnail"],"jetpack_publicize_connections":[],"jetpack_featured_media_url":"","jetpack_shortlink":"https:\/\/wp.me\/p9jMO0-dl","jetpack_sharing_enabled":true,"_links":{"self":[{"href":"https:\/\/www.ttf-wahn-grengel.de\/index.php?rest_route=\/wp\/v2\/posts\/827"}],"collection":[{"href":"https:\/\/www.ttf-wahn-grengel.de\/index.php?rest_route=\/wp\/v2\/posts"}],"about":[{"href":"https:\/\/www.ttf-wahn-grengel.de\/index.php?rest_route=\/wp\/v2\/types\/post"}],"author":[{"embeddable":true,"href":"https:\/\/www.ttf-wahn-grengel.de\/index.php?rest_route=\/wp\/v2\/users\/3"}],"replies":[{"embeddable":true,"href":"https:\/\/www.ttf-wahn-grengel.de\/index.php?rest_route=%2Fwp%2Fv2%2Fcomments&post=827"}],"version-history":[{"count":0,"href":"https:\/\/www.ttf-wahn-grengel.de\/index.php?rest_route=\/wp\/v2\/posts\/827\/revisions"}],"wp:attachment":[{"href":"https:\/\/www.ttf-wahn-grengel.de\/index.php?rest_route=%2Fwp%2Fv2%2Fmedia&parent=827"}],"wp:term":[{"taxonomy":"category","embeddable":true,"href":"https:\/\/www.ttf-wahn-grengel.de\/index.php?rest_route=%2Fwp%2Fv2%2Fcategories&post=827"},{"taxonomy":"post_tag","embeddable":true,"href":"https:\/\/www.ttf-wahn-grengel.de\/index.php?rest_route=%2Fwp%2Fv2%2Ftags&post=827"}],"curies":[{"name":"wp","href":"https:\/\/api.w.org\/{rel}","templated":true}]}}