{"id":926,"date":"2017-03-19T11:34:00","date_gmt":"2017-03-19T10:34:00","guid":{"rendered":"http:\/\/www.ttf-wahn-grengel.de\/?p=926"},"modified":"2017-10-22T20:31:50","modified_gmt":"2017-10-22T18:31:50","slug":"vorschau-auf-den-19-spieltag-18-19032017","status":"publish","type":"post","link":"https:\/\/www.ttf-wahn-grengel.de\/?p=926","title":{"rendered":"Zwei Niederlagen trotz einiger Lichtblicke"},"content":{"rendered":"<p>Die Erste fuhr am gestrigen Samstag mit Hoffnung im Gep\u00e4ck zum TV S\u00fcrth. Insgeheim hatte sich das Team um Mannschaftssprecher Christoph mehr erhofft, insbesondere nachdem die Mannschaft erstmalig mit einer F\u00fchrung aus den Doppelpaarungen in die Einzelpartien starten konnten. Sowohl Tobi und Fabi Weber, als auch Christoph Weber an der Seite von Pascal Rieboldt konnten ihre Doppel zur Freude der G\u00e4ste f\u00fcr sich entscheiden. Bj\u00f6rn Kant und Igor Nagel gingen dagegen leer aus.<\/p>\n<p>Im ersten Einzeldurchgang sah es f\u00fcr die Tischtennisfreunde dann nicht so gut aus, indem lediglich Tobi sein Spiel gegen Christopher Quante und Pascal sein Match gegen Thomas Nagel f\u00fcr sich entscheiden konnten. Mit einem Spiel R\u00fcckstand (4:5) lagen die Tischtennisfreunde noch in Schlagdistanz und rechneten sich im zweiten Einzeldurchgang noch Chancen f\u00fcr eine kleine \u00dcberraschung aus.<\/p>\n<figure id=\"attachment_929\" aria-describedby=\"caption-attachment-929\" style=\"width: 400px\" class=\"wp-caption alignright\"><a href=\"http:\/\/www.ttf-wahn-grengel.de\/wp-content\/uploads\/2017\/03\/pascal_surth.jpg\" target=\"_blank\" rel=\"noopener\"><img loading=\"lazy\" decoding=\"async\" class=\"wp-image-929\" src=\"http:\/\/www.ttf-wahn-grengel.de\/wp-content\/uploads\/2017\/03\/pascal_surth.jpg\" alt=\"\" width=\"400\" height=\"225\" srcset=\"https:\/\/www.ttf-wahn-grengel.de\/wp-content\/uploads\/2017\/03\/pascal_surth.jpg 800w, https:\/\/www.ttf-wahn-grengel.de\/wp-content\/uploads\/2017\/03\/pascal_surth-300x168.jpg 300w\" sizes=\"(max-width: 400px) 100vw, 400px\" \/><\/a><figcaption id=\"caption-attachment-929\" class=\"wp-caption-text\">Pascal Rieboldt (vorne) im Spiel gegen Achim Scheven und Christoph Weber (hinten rechts) w\u00e4hrend des zweiten Einzels gegen Karl-Heinz Commer.<\/figcaption><\/figure>\n<p>Tobi verlor zu Beginn des zweiten Durchgangs sehr ungl\u00fccklich gegen Spitzenspieler Alexander Nie\u00dfen, wobei er eine hohe F\u00fchrung im dritten Satz beim Stand von 1:1 nicht f\u00fcr sich entscheiden konnte und am Ende das Nachsehen hatte. Fabi hingegen hielt die Tischtennisfreunde mit seinem Sieg gegen Christopher Quante im Rennen (5:6).<\/p>\n<p>F\u00fcr das mittlere Paarkreuz lief an diesem Spieltag nicht viel zusammen. Christoph und Bj\u00f6rn mussten sich erneut ihren Gegnern geschlagen geben und generierten so den ersten Matchball f\u00fcr die Gastgeber aus S\u00fcrth (5:8).<\/p>\n<p>Pascal machte es dann nochmal spannend, konnte eine 2:0- Satzf\u00fchrung allerdings nicht nach Hause bringen und verlor am Ende sehr ungl\u00fccklich zum entscheidenden 5:9 f\u00fcr die Gastgeber.<\/p>\n<p>In der n\u00e4chsten Woche empfangen die Tischtennisfreunde zu Hause den n\u00e4chsten Tabellennachbarn aus Witterschlick. Im Kampf um den Klassenerhalt m\u00fcssen die Tischtennisfreunde Punkten, wollen sie sich die Chance zum Verbleib in der Landesliga bewahren (Christoph Weber).<\/p>\n<p><strong>Zweite Mannschaft<\/strong><\/p>\n<p>Das gestrige Spiel gegen den SV Eintracht Hohkeppel stand ganz im Zeichen der R\u00fcckkehr von Pascal Beutler. Da fiel auch nicht so sehr ins Gewicht, dass die Tischtennisfreunde wieder einmal nicht Ihre st\u00e4rksten Spieler aufbieten konnten. Mit Igor Nagel, Boris Reiss und Markus Kleine fehlten gleich drei Spieler aus dem oberen wie mittleren Paarkreuz. Zudem spielte der seit Wochen gut aufgelegte Daniel Mertens nicht mit.<\/p>\n<figure id=\"attachment_930\" aria-describedby=\"caption-attachment-930\" style=\"width: 400px\" class=\"wp-caption alignleft\"><a href=\"http:\/\/www.ttf-wahn-grengel.de\/wp-content\/uploads\/2017\/03\/pascal_hohkeppel.jpg\"><img loading=\"lazy\" decoding=\"async\" class=\"wp-image-930\" src=\"http:\/\/www.ttf-wahn-grengel.de\/wp-content\/uploads\/2017\/03\/pascal_hohkeppel.jpg\" alt=\"\" width=\"400\" height=\"225\" srcset=\"https:\/\/www.ttf-wahn-grengel.de\/wp-content\/uploads\/2017\/03\/pascal_hohkeppel.jpg 800w, https:\/\/www.ttf-wahn-grengel.de\/wp-content\/uploads\/2017\/03\/pascal_hohkeppel-300x168.jpg 300w\" sizes=\"(max-width: 400px) 100vw, 400px\" \/><\/a><figcaption id=\"caption-attachment-930\" class=\"wp-caption-text\">Pascal Beutler (rechts) bei seinem herausragenden Comeback im zweiten Einzel gegen Gerd Fischer.<\/figcaption><\/figure>\n<p>Dementsprechend locker konnte man auftreten, da nicht unbedingt mit einem Sieg zu rechnen war. Die taktische \u00dcberlegung, mit den Doppeln f\u00fcr eine kleine \u00dcberraschung bzw. Verwirrung zu sorgen, ist dann leider nicht ganz aufgegangen. Lediglich Hans Roder und Joachim Lehmann, die bereits 2-0 f\u00fchrten, hatten f\u00fcr einen Moment die M\u00f6glichkeit, dem drohenden Fehlstart entgegenzuwirken. Dennoch gingen alle drei Doppel an den Gastgeber.<br \/>\nW\u00e4hrend sich Varol Emir aus seiner andauernden Formkrise nich befreien konnte und 0-3 gegen den Abwehrspezialisten Fischer das Nachsehen hatte, spielte Pascal Beutler, als ob er nie weg gewesen w\u00e4re. Mit einer taktisch beindruckenden Disziplin gewann er gegen den Spitzenspieler H\u00e4ger der Gastgeber mit 3-1 und steuerte somit den ersten Punkt f\u00fcr die Tischtennisfreunde bei (1:4). Hans Roder hatte seinem Gegenspieler Baldes leider nicht viel entgegenzusetzen und verlor mit 0-3, ehe Joachim Lehman in einem engen und spannenden Match gegen P\u00f6ter mit 3-2 das gl\u00fccklichere Ende f\u00fcr sich hatte und den Zwischenstand auf 2:5 verk\u00fcrzte.<br \/>\nJ\u00f6rg M\u00fcller und Igor Ludwig w\u00e4hnten sich in den anschlie\u00dfenden Matches nur kurzzeitig auf der Siegerstra\u00dfe, als beide mit 1-0 in F\u00fchrung gingen. Leider konnten beide Ihre gute Form aus dem ersten Satz nicht best\u00e4tigen und verloren letztlich deutlich mit jeweils 1-3 (2:7).<br \/>\nDas zweite Spiel von Varol Emir best\u00e4tigte seine derzeitige Verfassung, indem er gegen H\u00e4ger mit 0-3 deutlich das Nachsehen hatte. Besser machte es an diesem Abend der wiedererstarkte Pascal Beutler, der auch sein zweites Einzel gegen Fischer zur Freude der G\u00e4ste aus K\u00f6ln mit 3-0 deutlich f\u00fcr sich entschied (3:8).<\/p>\n<figure id=\"attachment_931\" aria-describedby=\"caption-attachment-931\" style=\"width: 400px\" class=\"wp-caption alignright\"><a href=\"http:\/\/www.ttf-wahn-grengel.de\/wp-content\/uploads\/2017\/03\/igor_hohkeppel.jpg\"><img loading=\"lazy\" decoding=\"async\" class=\"wp-image-931\" src=\"http:\/\/www.ttf-wahn-grengel.de\/wp-content\/uploads\/2017\/03\/igor_hohkeppel.jpg\" alt=\"\" width=\"400\" height=\"226\" srcset=\"https:\/\/www.ttf-wahn-grengel.de\/wp-content\/uploads\/2017\/03\/igor_hohkeppel.jpg 800w, https:\/\/www.ttf-wahn-grengel.de\/wp-content\/uploads\/2017\/03\/igor_hohkeppel-300x169.jpg 300w\" sizes=\"(max-width: 400px) 100vw, 400px\" \/><\/a><figcaption id=\"caption-attachment-931\" class=\"wp-caption-text\">Igor Ludwig (rechts) gegen Johann Himmelsbach.<\/figcaption><\/figure>\n<p>Getragen von der Euphorie spielte auch Joachim Lehman erneut stark auf. Einen kurzen Moment der Verunsicherung \u00fcberwand er letztlich schadlos, als er im vierten Satz beim Stand von 10-7 drei Matchb\u00e4lle nicht nutzen konnte. Der f\u00fcnfte Satz ging daf\u00fcr umso deutlicher an ihn (4:8).<br \/>\nAuch wenn Hans Roder mit seinem zweiten Gegner besser zurecht zu kommen schien, so ging dann letztlich doch relativ deutlich das letzte Einzel des Abends mit 0-3 verloren zum alles in allem erwarteten Spielausgang mit 4:9 aus Sicht der Tischtennisfreunde.<br \/>\nDie Niederlage geriet an diesem Abend jedoch v\u00f6llig in den Hintergrund aufgrund der R\u00fcckkehr von Pascal Beutler. Wollen wir hoffen, dass es auch weiterhin bergauf f\u00fcr Ihn geht. Mit den zwei Siegen am gestrigen Abend hat er zumindest schonmal den Grundstein f\u00fcr eine erfolgreiche R\u00fcckkehr gelegt (Varol Emir).<\/p>\n<table style=\"text-align: left; width: 601px;\" border=\"0\">\n<tbody>\n<tr>\n<td style=\"width: 150px;\"><strong>Herren:<\/strong><\/td>\n<td style=\"width: 200px;\"><\/td>\n<td style=\"width: 20px;\"><\/td>\n<td style=\"width: 250px;\"><\/td>\n<td style=\"width: 100px;\"><\/td>\n<td style=\"width: 80px;\"><\/td>\n<\/tr>\n<tr>\n<td style=\"width: 150px;\">18.03.2017\/18:30<\/td>\n<td style=\"text-align: left; width: 200px;\">TV S\u00fcrth<\/td>\n<td style=\"width: 20px;\">&#8211;<\/td>\n<td style=\"text-align: left; width: 250px;\"><a title=\"1. Herren\" href=\"http:\/\/www.ttf-wahn-grengel.de\/?page_id=282\" target=\"_blank\" rel=\"noopener\">TTF 1<\/a><\/td>\n<td style=\"width: 100px;\"><a href=\"http:\/\/wttv.click-tt.de\/cgi-bin\/WebObjects\/nuLigaTTDE.woa\/wa\/clubMeetingReport?meeting=9061181&amp;championship=WTTV+16%2F17&amp;club=8241&amp;group=275618\" target=\"_blank\" rel=\"noopener\"><span style=\"color: #ff0000;\"><strong>9:5<\/strong><\/span><\/a><\/td>\n<td style=\"width: 80px;\"><a title=\"Tabelle Landesliga 12\" href=\"http:\/\/wttv.click-tt.de\/cgi-bin\/WebObjects\/nuLigaTTDE.woa\/wa\/groupPage?championship=WTTV+16%2F17&amp;group=275618\" target=\"_blank\" rel=\"noopener\">Tabelle<\/a><\/td>\n<\/tr>\n<tr>\n<td style=\"width: 150px;\">18.03.2017\/18:30<\/td>\n<td style=\"text-align: left; width: 200px;\">SV Eintracht Hohkeppel<\/td>\n<td style=\"width: 20px;\">&#8211;<\/td>\n<td style=\"text-align: left; width: 250px;\"><a title=\"2. Herren\" href=\"http:\/\/www.ttf-wahn-grengel.de\/?page_id=283\" target=\"_blank\" rel=\"noopener\">TTF 2<\/a><\/td>\n<td style=\"width: 100px;\"><a href=\"http:\/\/wttv.click-tt.de\/cgi-bin\/WebObjects\/nuLigaTTDE.woa\/wa\/clubMeetingReport?meeting=9507841&amp;championship=K%C3%B6ln+rechtsrh.+16%2F17&amp;club=8241&amp;group=275154\" target=\"_blank\" rel=\"noopener\"><span style=\"color: #ff0000;\"><strong>9:4<\/strong><\/span><\/a><\/td>\n<td style=\"width: 80px;\"><a title=\"Tabelle Kreisliga\" href=\"http:\/\/wttv.click-tt.de\/cgi-bin\/WebObjects\/nuLigaTTDE.woa\/wa\/groupPage?championship=K%C3%B6ln+rechtsrh.+16%2F17&amp;group=275154\" target=\"_blank\" rel=\"noopener\">Tabelle<\/a><\/td>\n<\/tr>\n<tr>\n<td style=\"width: 150px;\"><\/td>\n<td style=\"width: 200px;\"><\/td>\n<td style=\"width: 20px;\"><\/td>\n<td style=\"width: 250px;\"><\/td>\n<td style=\"width: 100px;\"><\/td>\n<td style=\"width: 80px;\"><\/td>\n<\/tr>\n<tr>\n<td style=\"width: 150px;\"><strong>Sch\u00fcler A:<\/strong><\/td>\n<td style=\"width: 200px;\"><\/td>\n<td style=\"width: 20px;\"><\/td>\n<td style=\"width: 250px;\"><\/td>\n<td style=\"width: 100px;\"><\/td>\n<td style=\"width: 80px;\"><\/td>\n<\/tr>\n<tr>\n<td style=\"width: 150px;\">18.03.2017\/15:00<\/td>\n<td style=\"text-align: left; width: 200px;\">TG M\u00fclheim<\/td>\n<td style=\"width: 20px;\">&#8211;<\/td>\n<td style=\"text-align: left; width: 250px;\"><a title=\"1. A-Sch\u00fcler\" href=\"http:\/\/www.ttf-wahn-grengel.de\/?page_id=243\" target=\"_blank\" rel=\"noopener\">TTF 1<\/a><\/td>\n<td style=\"width: 100px;\"><a href=\"http:\/\/wttv.click-tt.de\/cgi-bin\/WebObjects\/nuLigaTTDE.woa\/wa\/groupMeetingReport?meeting=9850307&amp;championship=K%C3%B6ln+rechtsrh.+16%2F17&amp;group=293587\" target=\"_blank\" rel=\"noopener\"><span style=\"color: #ff0000;\"><strong>8:2<\/strong><\/span><\/a><\/td>\n<td style=\"width: 80px;\"><a title=\"Tabelle 1. Kreisklasse 1 (R\u00fcckrunde)\" href=\"http:\/\/wttv.click-tt.de\/cgi-bin\/WebObjects\/nuLigaTTDE.woa\/wa\/groupPage?championship=K%C3%B6ln+rechtsrh.+16%2F17&amp;group=293587\" target=\"_blank\" rel=\"noopener\">Tabelle<\/a><\/td>\n<\/tr>\n<tr>\n<td style=\"width: 150px;\"><\/td>\n<td style=\"width: 200px;\"><\/td>\n<td style=\"width: 20px;\"><\/td>\n<td style=\"width: 250px;\"><\/td>\n<td style=\"width: 100px;\"><\/td>\n<td style=\"width: 80px;\"><\/td>\n<\/tr>\n<\/tbody>\n<\/table>\n","protected":false},"excerpt":{"rendered":"<p>Die Erste fuhr am gestrigen Samstag mit Hoffnung im Gep\u00e4ck zum TV S\u00fcrth. Insgeheim hatte sich das Team um Mannschaftssprecher Christoph mehr erhofft, insbesondere nachdem die Mannschaft erstmalig mit einer F\u00fchrung aus den Doppelpaarungen in die Einzelpartien starten konnten. Sowohl&#8230;<\/p>\n","protected":false},"author":3,"featured_media":928,"comment_status":"closed","ping_status":"closed","sticky":false,"template":"","format":"standard","meta":{"jetpack_post_was_ever_published":false,"_jetpack_newsletter_access":"","_jetpack_dont_email_post_to_subs":false,"_jetpack_newsletter_tier_id":0,"footnotes":"","jetpack_publicize_message":"","jetpack_publicize_feature_enabled":true,"jetpack_social_post_already_shared":false,"jetpack_social_options":{"image_generator_settings":{"template":"highway","enabled":false}}},"categories":[13],"tags":[],"class_list":["post-926","post","type-post","status-publish","format-standard","has-post-thumbnail","hentry","category-saison-20162017"],"jetpack_publicize_connections":[],"jetpack_featured_media_url":"https:\/\/www.ttf-wahn-grengel.de\/wp-content\/uploads\/2017\/03\/doppel_surth.jpg","jetpack_shortlink":"https:\/\/wp.me\/p9jMO0-eW","jetpack_sharing_enabled":true,"_links":{"self":[{"href":"https:\/\/www.ttf-wahn-grengel.de\/index.php?rest_route=\/wp\/v2\/posts\/926"}],"collection":[{"href":"https:\/\/www.ttf-wahn-grengel.de\/index.php?rest_route=\/wp\/v2\/posts"}],"about":[{"href":"https:\/\/www.ttf-wahn-grengel.de\/index.php?rest_route=\/wp\/v2\/types\/post"}],"author":[{"embeddable":true,"href":"https:\/\/www.ttf-wahn-grengel.de\/index.php?rest_route=\/wp\/v2\/users\/3"}],"replies":[{"embeddable":true,"href":"https:\/\/www.ttf-wahn-grengel.de\/index.php?rest_route=%2Fwp%2Fv2%2Fcomments&post=926"}],"version-history":[{"count":3,"href":"https:\/\/www.ttf-wahn-grengel.de\/index.php?rest_route=\/wp\/v2\/posts\/926\/revisions"}],"predecessor-version":[{"id":1173,"href":"https:\/\/www.ttf-wahn-grengel.de\/index.php?rest_route=\/wp\/v2\/posts\/926\/revisions\/1173"}],"wp:featuredmedia":[{"embeddable":true,"href":"https:\/\/www.ttf-wahn-grengel.de\/index.php?rest_route=\/wp\/v2\/media\/928"}],"wp:attachment":[{"href":"https:\/\/www.ttf-wahn-grengel.de\/index.php?rest_route=%2Fwp%2Fv2%2Fmedia&parent=926"}],"wp:term":[{"taxonomy":"category","embeddable":true,"href":"https:\/\/www.ttf-wahn-grengel.de\/index.php?rest_route=%2Fwp%2Fv2%2Fcategories&post=926"},{"taxonomy":"post_tag","embeddable":true,"href":"https:\/\/www.ttf-wahn-grengel.de\/index.php?rest_route=%2Fwp%2Fv2%2Ftags&post=926"}],"curies":[{"name":"wp","href":"https:\/\/api.w.org\/{rel}","templated":true}]}}